{"id":15037,"date":"2018-05-14T14:31:52","date_gmt":"2018-05-14T20:31:52","guid":{"rendered":"http:\/\/www.inces.gob.ve\/?p=15037"},"modified":"2020-05-28T20:32:19","modified_gmt":"2020-05-29T00:32:19","slug":"inces-tachira-la-vanguardia-maduro","status":"publish","type":"post","link":"https:\/\/inces.gob.ve\/index.php\/2018\/05\/14\/inces-tachira-la-vanguardia-maduro\/","title":{"rendered":"Inces T\u00e1chira en la vanguardia con Maduro"},"content":{"rendered":"<p class=\"western\" style=\"text-align: justify;\"><span style=\"font-family: Arial,sans-serif;\"><i><b>** Durante el acto, el ministro Jaua hizo entrega de algunos insumos m\u00e9dico-asistenciales <\/b><\/i><\/span><\/p>\n<p class=\"western\" style=\"text-align: justify;\">\u00a0<\/p>\n<p class=\"western\" style=\"text-align: justify;\"><!--more--><\/p>\n<p>&nbsp;<\/p>\n<p class=\"western\" style=\"text-align: justify;\"><span style=\"font-family: Arial,sans-serif;\"><b>Prensa Inces. T\u00e1chira.<\/b>&#8211; El gerente regional del Inces T\u00e1chira, Geovanni Gonz\u00e1lez, junto a trabajadoras y trabajadores de la instituci\u00f3n, aprendices y j\u00f3venes del Plan Chamba Juvenil participaron en acto de apoyo a la campa\u00f1a presidencial del candidato del pueblo Nicol\u00e1s Maduro, en donde hizo presencia el Ministro del Poder Popular para la Educaci\u00f3n El\u00edas Jaua y el protector del T\u00e1chira Freddy Bernal.<\/span><\/p>\n<p class=\"western\" style=\"text-align: justify;\">\u00a0<\/p>\n<p class=\"western\" style=\"text-align: justify;\"><span style=\"font-family: Arial,sans-serif;\">Geovanni Gonz\u00e1lez manifest\u00f3 que el T\u00e1chira recibe con alegr\u00eda al ministro de Educaci\u00f3n El\u00edas Jaua, en apoyo a las venideras elecciones en donde el objetivo es la reelecci\u00f3n del primer presidente obrero Nicol\u00e1s Maduro para continuar con el legado del comandante eterno Hugo Ch\u00e1vez, y seguir brindando oportunidades al pueblo por medio de las misiones y grandes misiones.<\/span><\/p>\n<p class=\"western\" style=\"text-align: justify;\"><span style=\"font-family: Arial,sans-serif;\"><img loading=\"lazy\" decoding=\"async\" class=\"size-full wp-image-15041 aligncenter\" src=\"http:\/\/www.inces.gob.ve\/wp-content\/uploads\/2018\/05\/2vanguardia-con-Maduro-.jpg\" alt=\"\" width=\"850\" height=\"638\" \/><\/span><\/p>\n<p class=\"western\" style=\"text-align: justify;\">\u00a0<span style=\"font-family: Arial,sans-serif;\">Por su parte, el ministro Jaua destaco que ha llegado la hora de la restauraci\u00f3n \u00e9tica de la rep\u00fablica y la revoluci\u00f3n con honestidad, transparencia y trabajo \u201cEl presidente Maduro necesita un caudal de votos que le de la fuerza para una nueva etapa de renovaci\u00f3n, de lucha contra la corrupci\u00f3n y contra las mafias. Debemos salir, participar y votar para demostrar que el pueblo de Venezuela quiere elecciones, quiere la paz y solo los venezolanos decidimos nuestro destino\u201d.<\/span><\/p>\n<p class=\"western\" style=\"text-align: justify;\">\u00a0<\/p>\n<p class=\"western\" style=\"text-align: justify;\"><span style=\"font-family: Arial,sans-serif;\">De igual manera, el titular de educaci\u00f3n hizo entrega de bastones, muletas y colchones antiescaras a personas con discapacidad del Consejo Nacional para las Personas con Discapacidad (CONAPDIS).<\/span><\/p>\n<p class=\"western\" style=\"text-align: justify;\"><span style=\"font-family: Arial,sans-serif;\"><img loading=\"lazy\" decoding=\"async\" class=\"size-full wp-image-15038 aligncenter\" src=\"http:\/\/www.inces.gob.ve\/wp-content\/uploads\/2018\/05\/6vanguardia-con-Maduro-.jpg\" alt=\"\" width=\"850\" height=\"638\" \/><\/span><\/p>\n<p class=\"western\" style=\"text-align: justify;\">\u00a0<span style=\"font-family: Arial,sans-serif;\">Para finalizar, Geovanni Gonz\u00e1lez junto a sus trabajadores y trabajadoras tienen el compromiso este 20 de mayo donde dar\u00e1n la victoria contundente en apoyo al primer presidente obrero de la patria Nicol\u00e1s Maduro en la continuaci\u00f3n del plan de la patria y la dignificaci\u00f3n de mujeres y hombres venezolanos.<\/span><\/p>\n<p class=\"western\" style=\"text-align: justify;\"><img loading=\"lazy\" decoding=\"async\" class=\"size-full wp-image-15039 aligncenter\" src=\"http:\/\/www.inces.gob.ve\/wp-content\/uploads\/2018\/05\/5vanguardia-con-Maduro-.jpg\" alt=\"\" width=\"850\" height=\"638\" \/><\/p>\n<p class=\"western\" style=\"text-align: justify;\">\u00a0<\/p>\n<p class=\"western\" style=\"text-align: justify;\"><span style=\"font-family: Arial,sans-serif;\">T\/ Andrea Caballero<\/span><\/p>\n<p class=\"western\" style=\"text-align: justify;\">\u00a0<\/p>\n<p class=\"western\" style=\"text-align: justify;\">\u00a0<\/p>\n","protected":false},"excerpt":{"rendered":"<p>** Durante el acto, el ministro Jaua hizo entrega de algunos insumos m\u00e9dico-asistenciales \u00a0<\/p>\n","protected":false},"author":15,"featured_media":15040,"comment_status":"closed","ping_status":"closed","sticky":false,"template":"","format":"aside","meta":{"footnotes":""},"categories":[2],"tags":[],"class_list":["post-15037","post","type-post","status-publish","format-aside","has-post-thumbnail","hentry","category-blog","post_format-post-format-aside"],"_links":{"self":[{"href":"https:\/\/inces.gob.ve\/index.php\/wp-json\/wp\/v2\/posts\/15037","targetHints":{"allow":["GET"]}}],"collection":[{"href":"https:\/\/inces.gob.ve\/index.php\/wp-json\/wp\/v2\/posts"}],"about":[{"href":"https:\/\/inces.gob.ve\/index.php\/wp-json\/wp\/v2\/types\/post"}],"author":[{"embeddable":true,"href":"https:\/\/inces.gob.ve\/index.php\/wp-json\/wp\/v2\/users\/15"}],"replies":[{"embeddable":true,"href":"https:\/\/inces.gob.ve\/index.php\/wp-json\/wp\/v2\/comments?post=15037"}],"version-history":[{"count":1,"href":"https:\/\/inces.gob.ve\/index.php\/wp-json\/wp\/v2\/posts\/15037\/revisions"}],"predecessor-version":[{"id":34696,"href":"https:\/\/inces.gob.ve\/index.php\/wp-json\/wp\/v2\/posts\/15037\/revisions\/34696"}],"wp:featuredmedia":[{"embeddable":true,"href":"https:\/\/inces.gob.ve\/index.php\/wp-json\/"}],"wp:attachment":[{"href":"https:\/\/inces.gob.ve\/index.php\/wp-json\/wp\/v2\/media?parent=15037"}],"wp:term":[{"taxonomy":"category","embeddable":true,"href":"https:\/\/inces.gob.ve\/index.php\/wp-json\/wp\/v2\/categories?post=15037"},{"taxonomy":"post_tag","embeddable":true,"href":"https:\/\/inces.gob.ve\/index.php\/wp-json\/wp\/v2\/tags?post=15037"}],"curies":[{"name":"wp","href":"https:\/\/api.w.org\/{rel}","templated":true}]}}