{"id":15048,"date":"2018-05-14T14:53:49","date_gmt":"2018-05-14T20:53:49","guid":{"rendered":"http:\/\/www.inces.gob.ve\/?p=15048"},"modified":"2020-05-28T20:32:19","modified_gmt":"2020-05-29T00:32:19","slug":"celebran-velorio-la-cruz-mayo-centros-formacion-del-inces-cumana","status":"publish","type":"post","link":"https:\/\/inces.gob.ve\/index.php\/2018\/05\/14\/celebran-velorio-la-cruz-mayo-centros-formacion-del-inces-cumana\/","title":{"rendered":"Celebran Velorio de la Cruz de Mayo en centros de formaci\u00f3n del Inces en Cuman\u00e1"},"content":{"rendered":"<p style=\"text-align: justify;\" align=\"justify\"><em><strong>** Con estas actividades se busca rescatar los valores culturales nacionalistas<\/strong><\/em><!--more--><\/p>\n<p style=\"text-align: justify;\" align=\"justify\"><strong>Prensa Inces. Sucre.-<\/strong> La semana pasada se celebr\u00f3 el \u201cVelorio de la Cruz de Mayo\u201d en el Inces, en el estado Sucre, siendo esta una fiesta religiosa t\u00edpica de los llanos orientales, donde la creatividad en la decoraci\u00f3n de los altares a la Santa Cruz es lo m\u00e1s destacado.<\/p>\n<p align=\"justify\">\u00a0<\/p>\n<p style=\"text-align: justify;\" align=\"justify\">En los centro de formaci\u00f3n socialistas (CFS) Industria y Comercio del Inces en Cuman\u00e1, se realizaron dos actividades que convocaron a la participaci\u00f3n de los aprendices, estudiantes, profesores, maestros t\u00e9cnicos productivos, obreros y empleados en general.<\/p>\n<p align=\"justify\">\u00a0<\/p>\n<p style=\"text-align: justify;\" align=\"justify\">El pasado 4 de de mayo, se realizaron c\u00e1nticos, se declamaron versos y hubo m\u00fasica, todo dedicado a la soberana Cruz del Altar, en la sede de la Gerencia Regional, involucrando a participantes de las formaciones del CFS Comercio y a todo aquel visitante que se acerc\u00f3 al Inces durante la celebraci\u00f3n.<\/p>\n<p align=\"justify\">\u00a0<\/p>\n<p style=\"text-align: justify;\" align=\"justify\"><img loading=\"lazy\" decoding=\"async\" class=\"size-full wp-image-15049 aligncenter\" src=\"http:\/\/www.inces.gob.ve\/wp-content\/uploads\/2018\/05\/321.jpg\" alt=\"\" width=\"1903\" height=\"1226\" \/><\/p>\n<p align=\"justify\">\u00a0<\/p>\n<p style=\"text-align: justify;\" align=\"justify\">El d\u00eda 10 de mayo, en el CFS Industria, ubicado en la populosa barriada de Bolivariano, de la parroquia Altagracia, en el municipio Sucre del estado hom\u00f3nimo, la velada fue diurna e incluy\u00f3 la participaci\u00f3n de ni\u00f1os, ni\u00f1as, adolescentes y adultos; con una sencilla muestra de d\u00e9cimas, versos y joropos dedicados al relicario en el altar.<\/p>\n<p align=\"justify\">\u00a0<\/p>\n<p style=\"text-align: justify;\" align=\"justify\">La gerente regional del Inces Sucre, Audin Navarro, expres\u00f3 al asistir al CFS Industria que en el Inces las puertas estar\u00e1n siempre abiertas para todos quienes necesiten del apoyo, ya sea en cuanto a educaci\u00f3n, que es gratuita, o como instituto que forma a los j\u00f3venes mientras estos\u00a0 aprenden a producir art\u00edculos de utilidad para el colectivo, \u00abas\u00ed como hacen en Industria esos aprendices que ingresan al Inces buscando optimizar sus saberes y encuentran a un equipo que los forma al m\u00e1s alto nivel como profesionales\u00bb.<\/p>\n<p align=\"justify\">\u00a0<\/p>\n<p style=\"text-align: justify;\" align=\"justify\">Las actividades organizadas est\u00e1n dentro del plan de trabajo dise\u00f1ado por la Coordinaci\u00f3n de Cultura, Recreaci\u00f3n y Deportes, a cargo de Antonio Salmer\u00f3n, quien dijo que estas actividades buscan rescatar y hacer permanentes en el tiempo los valores culturales nacionalistas, que diferencia al venezolano y su patria en cualquier parte del mundo.<\/p>\n<p align=\"justify\">\u00a0<\/p>\n<p align=\"justify\">\u00a0<\/p>\n<p style=\"text-align: justify;\" align=\"justify\"><strong>T\/ Milagros Guerrero<\/strong><\/p>\n","protected":false},"excerpt":{"rendered":"<p>** Con estas actividades se busca rescatar los valores culturales nacionalistas<\/p>\n","protected":false},"author":4,"featured_media":15050,"comment_status":"closed","ping_status":"closed","sticky":false,"template":"","format":"aside","meta":{"footnotes":""},"categories":[2],"tags":[],"class_list":["post-15048","post","type-post","status-publish","format-aside","has-post-thumbnail","hentry","category-blog","post_format-post-format-aside"],"_links":{"self":[{"href":"https:\/\/inces.gob.ve\/index.php\/wp-json\/wp\/v2\/posts\/15048","targetHints":{"allow":["GET"]}}],"collection":[{"href":"https:\/\/inces.gob.ve\/index.php\/wp-json\/wp\/v2\/posts"}],"about":[{"href":"https:\/\/inces.gob.ve\/index.php\/wp-json\/wp\/v2\/types\/post"}],"author":[{"embeddable":true,"href":"https:\/\/inces.gob.ve\/index.php\/wp-json\/wp\/v2\/users\/4"}],"replies":[{"embeddable":true,"href":"https:\/\/inces.gob.ve\/index.php\/wp-json\/wp\/v2\/comments?post=15048"}],"version-history":[{"count":1,"href":"https:\/\/inces.gob.ve\/index.php\/wp-json\/wp\/v2\/posts\/15048\/revisions"}],"predecessor-version":[{"id":34693,"href":"https:\/\/inces.gob.ve\/index.php\/wp-json\/wp\/v2\/posts\/15048\/revisions\/34693"}],"wp:featuredmedia":[{"embeddable":true,"href":"https:\/\/inces.gob.ve\/index.php\/wp-json\/"}],"wp:attachment":[{"href":"https:\/\/inces.gob.ve\/index.php\/wp-json\/wp\/v2\/media?parent=15048"}],"wp:term":[{"taxonomy":"category","embeddable":true,"href":"https:\/\/inces.gob.ve\/index.php\/wp-json\/wp\/v2\/categories?post=15048"},{"taxonomy":"post_tag","embeddable":true,"href":"https:\/\/inces.gob.ve\/index.php\/wp-json\/wp\/v2\/tags?post=15048"}],"curies":[{"name":"wp","href":"https:\/\/api.w.org\/{rel}","templated":true}]}}