{"id":15074,"date":"2018-05-15T09:59:12","date_gmt":"2018-05-15T15:59:12","guid":{"rendered":"http:\/\/www.inces.gob.ve\/?p=15074"},"modified":"2020-05-28T20:32:19","modified_gmt":"2020-05-29T00:32:19","slug":"mas-80-montalbaneros-fueron-acreditados-inces-carabobo","status":"publish","type":"post","link":"https:\/\/inces.gob.ve\/index.php\/2018\/05\/15\/mas-80-montalbaneros-fueron-acreditados-inces-carabobo\/","title":{"rendered":"M\u00e1s de 80 montalbaneros fueron acreditados por Inces Carabobo"},"content":{"rendered":"<p style=\"text-align: justify;\"><span style=\"font-family: Arial,sans-serif;\"><i><b>** Autoridades presentes recorrieron las instalaciones para desarrollar proyectos en el centro de formaci\u00f3n Inces Valles Altos<\/b><\/i><\/span><\/p>\n<p style=\"text-align: justify;\">\n <!--more--><\/p>\n<p style=\"text-align: justify;\"><span style=\"font-family: Arial,sans-serif;\"><b>Prensa Inces <\/b><b>(<\/b><b>Carabobo<\/b><b>)<\/b><b>.- <\/b>En el Centro de Formaci\u00f3n Socialista (CFS) Valles Altos, perteneciente al Inces del estado Carabobo, fueron otorgados m\u00e1s de 80 Acreditaciones y Certificaciones de Saberes Emp\u00edricos en diferentes oficios.<\/span><\/p>\n<p style=\"text-align: justify;\">\n <\/p>\n<p style=\"text-align: justify;\"><span style=\"font-family: Arial,sans-serif;\">El gerente regional de Inces Carabobo, Guyen Soto, durante su ponencia, enfatiz\u00f3 en \u201cseguir formando\u201d refiri\u00e9ndose a la importancia de la capacitaci\u00f3n de cada individuo en un \u00e1rea \u201choy est\u00e1n obteniendo la certificaci\u00f3n de su herramienta de trabajo, pero esto que no solo quede en el papel, ahora deben seguir desarroll\u00e1ndolo; y nosotros desde el Inces tenemos las puertas abiertas para el emprendimiento y la capacitaci\u00f3n de cada una de ustedes en el \u00e1rea que ustedes se deseen formar\u201d.<\/span><\/p>\n<p>&nbsp;<\/p>\n<p style=\"text-align: justify;\"><span style=\"font-family: Arial,sans-serif;\"><img loading=\"lazy\" decoding=\"async\" class=\"size-full wp-image-15077 aligncenter\" src=\"http:\/\/www.inces.gob.ve\/wp-content\/uploads\/2018\/05\/1Acreditaciones.jpg\" alt=\"\" width=\"850\" height=\"478\" \/><\/span><\/p>\n<p style=\"text-align: justify;\">\n <\/p>\n<p style=\"text-align: justify;\"><span style=\"font-family: Arial,sans-serif;\">Por su parte, la m\u00e1xima autoridad del municipio, Tarcia Morillo, rememor\u00f3 las experiencias adquiridas en los espacios del Inces \u201cque bonito estar aqu\u00ed reunidos en este espacio de saberes, ac\u00e1 promueven el emprendimiento y la capacitaci\u00f3n para nuestra gente, cuenten conmigo para cualquier proyecto o actividad en pro del avance de nuestro municipio\u201d.<\/span><\/p>\n<p style=\"text-align: justify;\">\n <\/p>\n<p style=\"text-align: justify;\"><img loading=\"lazy\" decoding=\"async\" class=\"size-full wp-image-15075 aligncenter\" src=\"http:\/\/www.inces.gob.ve\/wp-content\/uploads\/2018\/05\/3Acreditaciones.jpg\" alt=\"\" width=\"850\" height=\"478\" \/><br \/>\n <span style=\"font-family: Arial,sans-serif;\">El acto cont\u00f3 con la participaci\u00f3n del gerente de Inces Carabobo, Guyen Soto; la alcaldesa del municipio Montalb\u00e1n, Tarcia Morillo; la presidenta de la fundaci\u00f3n adscrita a la gobernaci\u00f3n de Carabobo (FundaComunidad), Genny Ch\u00e1vez; el jefe del CFS \u201cValles Altos\u201d Yoiguer Villaroel; la comunidad, profesores y estudiantes de la casa de estudios.<\/span><\/p>\n<p style=\"text-align: justify;\">\n <\/p>\n<p>&nbsp;<\/p>\n<p><span style=\"font-family: Arial,sans-serif;\">Prensa Comunicaci\u00f3n Inces Carabobo<\/span><\/p>\n<p>&nbsp;<\/p>\n","protected":false},"excerpt":{"rendered":"<p>** Autoridades presentes recorrieron las instalaciones para desarrollar proyectos en el centro de formaci\u00f3n Inces Valles Altos<\/p>\n","protected":false},"author":15,"featured_media":15076,"comment_status":"closed","ping_status":"closed","sticky":false,"template":"","format":"aside","meta":{"footnotes":""},"categories":[2],"tags":[],"class_list":["post-15074","post","type-post","status-publish","format-aside","has-post-thumbnail","hentry","category-blog","post_format-post-format-aside"],"_links":{"self":[{"href":"https:\/\/inces.gob.ve\/index.php\/wp-json\/wp\/v2\/posts\/15074","targetHints":{"allow":["GET"]}}],"collection":[{"href":"https:\/\/inces.gob.ve\/index.php\/wp-json\/wp\/v2\/posts"}],"about":[{"href":"https:\/\/inces.gob.ve\/index.php\/wp-json\/wp\/v2\/types\/post"}],"author":[{"embeddable":true,"href":"https:\/\/inces.gob.ve\/index.php\/wp-json\/wp\/v2\/users\/15"}],"replies":[{"embeddable":true,"href":"https:\/\/inces.gob.ve\/index.php\/wp-json\/wp\/v2\/comments?post=15074"}],"version-history":[{"count":1,"href":"https:\/\/inces.gob.ve\/index.php\/wp-json\/wp\/v2\/posts\/15074\/revisions"}],"predecessor-version":[{"id":34690,"href":"https:\/\/inces.gob.ve\/index.php\/wp-json\/wp\/v2\/posts\/15074\/revisions\/34690"}],"wp:featuredmedia":[{"embeddable":true,"href":"https:\/\/inces.gob.ve\/index.php\/wp-json\/"}],"wp:attachment":[{"href":"https:\/\/inces.gob.ve\/index.php\/wp-json\/wp\/v2\/media?parent=15074"}],"wp:term":[{"taxonomy":"category","embeddable":true,"href":"https:\/\/inces.gob.ve\/index.php\/wp-json\/wp\/v2\/categories?post=15074"},{"taxonomy":"post_tag","embeddable":true,"href":"https:\/\/inces.gob.ve\/index.php\/wp-json\/wp\/v2\/tags?post=15074"}],"curies":[{"name":"wp","href":"https:\/\/api.w.org\/{rel}","templated":true}]}}