{"id":15106,"date":"2018-05-15T14:19:09","date_gmt":"2018-05-15T20:19:09","guid":{"rendered":"http:\/\/www.inces.gob.ve\/?p=15106"},"modified":"2020-05-28T20:32:18","modified_gmt":"2020-05-29T00:32:18","slug":"inces-esta-la-juventud-valiente-la-patria","status":"publish","type":"post","link":"https:\/\/inces.gob.ve\/index.php\/2018\/05\/15\/inces-esta-la-juventud-valiente-la-patria\/","title":{"rendered":"En Inces est\u00e1 la juventud valiente de la Patria"},"content":{"rendered":"<p class=\"western\" style=\"text-align: justify;\"><span style=\"font-family: Arial,sans-serif;\"><i><b>**Son tiempos de lucha y fuerza en el combate, conciencia y lealtad es la premisa<\/b><\/i><\/span><\/p>\n<p>&nbsp;<\/p>\n<p class=\"western\" style=\"text-align: justify;\"><!--more--><\/p>\n<p>&nbsp;<\/p>\n<p class=\"western\" style=\"text-align: justify;\"><span style=\"font-family: Arial,sans-serif;\"><b>Prensa Inces <\/b><b>(<\/b><b>Lara<\/b><b>)<\/b><b>.<\/b>&#8211; Contra viento y marea los hombres y mujeres que integran la comunidad Inces, plenan aulas y talleres del Centro de Formaci\u00f3n Socialista Jos\u00e9 Pio Tamayo.<\/span><\/p>\n<p class=\"western\" style=\"text-align: justify;\">\u00a0<\/p>\n<p class=\"western\" style=\"text-align: justify;\"><span style=\"font-family: Arial,sans-serif;\">Para el joven Jorge Jord\u00e1n (hijo) Inces es una escuela, y es que en el curso de Mantenimiento de Refrigeraci\u00f3n con el maestro t\u00e9cnico productivo (MTP) Jos\u00e9 P\u00e9rez, ha aprendido los valores como trabajador, y a conocer la responsabilidad en un centro de formaci\u00f3n que les brinda las herramientas y las oportunidades \u201cel rol de nosotros, los j\u00f3venes, es sacar adelante al pa\u00eds, enrumbarlo hacia un mejor futuro\u201d.<\/span><\/p>\n<p class=\"western\" style=\"text-align: justify;\"><img loading=\"lazy\" decoding=\"async\" class=\"size-full wp-image-15109 aligncenter\" src=\"http:\/\/www.inces.gob.ve\/wp-content\/uploads\/2018\/05\/1juventud-valiente.jpg\" alt=\"\" width=\"850\" height=\"638\" \/><\/p>\n<p class=\"western\" style=\"text-align: justify;\"><span style=\"font-family: Arial,sans-serif;\">Por otro lado Tom\u00e1s Castillo habitante de la comunidad Los Crep\u00fasculos dijo que los j\u00f3venes tienen que poner un grano de arena diario, \u201clas formaciones Inces son completas e integrales, nos permiten encausarnos en el mundo laboral con entrega y compromiso, hacer algo y no quedarse de brazos cruzados solo en la cr\u00edtica, aqu\u00ed demostramos que somos la juventud del presente\u201d.<\/span><\/p>\n<p class=\"western\" style=\"text-align: justify;\">\u00a0<\/p>\n<p class=\"western\" style=\"text-align: justify;\"><span style=\"font-family: Arial,sans-serif;\">Rompiendo paradigmas valorando y demostrando potencial<\/span><\/p>\n<p class=\"western\" style=\"text-align: justify;\">\u00a0<\/p>\n<p class=\"western\" style=\"text-align: justify;\"><span style=\"font-family: Arial,sans-serif;\">La juventud Inces cree en sus potencialidades, en el pa\u00eds y sus instituciones, muestra de ello es la participaci\u00f3n de la mujer. Dos j\u00f3venes pasantes de la ETI realizan el curso de Carburaci\u00f3n, entonaci\u00f3n y puesta punto con el MTP Jos\u00e9 Gregorio M\u00e1rquez.<\/span><\/p>\n<p class=\"western\" style=\"text-align: justify;\">\u00a0<\/p>\n<p class=\"western\" style=\"text-align: justify;\"><span style=\"font-family: Arial,sans-serif;\">Se trata de G\u00e9nesis Carre\u00f1o y Emily \u00c1lvarez para quienes formarse en esta \u00e1rea \u201ces otra mente, aqu\u00ed estamos reforzando lo que sabemos, como mujeres debemos demostrar que nosotras tambi\u00e9n podemos, si es algo que nos gusta y nos apasiona, debemos hacerlo\u201d.<\/span><\/p>\n<p class=\"western\" style=\"text-align: justify;\"><img loading=\"lazy\" decoding=\"async\" class=\"size-full wp-image-15108 aligncenter\" src=\"http:\/\/www.inces.gob.ve\/wp-content\/uploads\/2018\/05\/2juventud-valiente.jpg\" alt=\"\" width=\"850\" height=\"638\" \/><\/p>\n<p class=\"western\" style=\"text-align: justify;\"><span style=\"font-family: Arial,sans-serif;\">Son estos los rostros y el verbo de quienes lo hacen posible, es la construcci\u00f3n y acci\u00f3n formativa que desde Inces apalanca la fuerza productiva del estado Lara.<\/span><\/p>\n<p class=\"western\" style=\"text-align: justify;\">\u00a0<\/p>\n<p class=\"western\" style=\"text-align: justify;\"><span style=\"font-family: Arial,sans-serif;\">Dannys Morillo<\/span><\/p>\n","protected":false},"excerpt":{"rendered":"<p>**Son tiempos de lucha y fuerza en el combate, conciencia y lealtad es la premisa &nbsp;<\/p>\n","protected":false},"author":15,"featured_media":15107,"comment_status":"closed","ping_status":"closed","sticky":false,"template":"","format":"aside","meta":{"footnotes":""},"categories":[2],"tags":[],"class_list":["post-15106","post","type-post","status-publish","format-aside","has-post-thumbnail","hentry","category-blog","post_format-post-format-aside"],"_links":{"self":[{"href":"https:\/\/inces.gob.ve\/index.php\/wp-json\/wp\/v2\/posts\/15106","targetHints":{"allow":["GET"]}}],"collection":[{"href":"https:\/\/inces.gob.ve\/index.php\/wp-json\/wp\/v2\/posts"}],"about":[{"href":"https:\/\/inces.gob.ve\/index.php\/wp-json\/wp\/v2\/types\/post"}],"author":[{"embeddable":true,"href":"https:\/\/inces.gob.ve\/index.php\/wp-json\/wp\/v2\/users\/15"}],"replies":[{"embeddable":true,"href":"https:\/\/inces.gob.ve\/index.php\/wp-json\/wp\/v2\/comments?post=15106"}],"version-history":[{"count":1,"href":"https:\/\/inces.gob.ve\/index.php\/wp-json\/wp\/v2\/posts\/15106\/revisions"}],"predecessor-version":[{"id":34685,"href":"https:\/\/inces.gob.ve\/index.php\/wp-json\/wp\/v2\/posts\/15106\/revisions\/34685"}],"wp:featuredmedia":[{"embeddable":true,"href":"https:\/\/inces.gob.ve\/index.php\/wp-json\/"}],"wp:attachment":[{"href":"https:\/\/inces.gob.ve\/index.php\/wp-json\/wp\/v2\/media?parent=15106"}],"wp:term":[{"taxonomy":"category","embeddable":true,"href":"https:\/\/inces.gob.ve\/index.php\/wp-json\/wp\/v2\/categories?post=15106"},{"taxonomy":"post_tag","embeddable":true,"href":"https:\/\/inces.gob.ve\/index.php\/wp-json\/wp\/v2\/tags?post=15106"}],"curies":[{"name":"wp","href":"https:\/\/api.w.org\/{rel}","templated":true}]}}