{"id":15117,"date":"2018-05-16T11:50:53","date_gmt":"2018-05-16T17:50:53","guid":{"rendered":"http:\/\/www.inces.gob.ve\/?p=15117"},"modified":"2020-05-28T20:32:18","modified_gmt":"2020-05-29T00:32:18","slug":"inces-chamba-juvenil-continuan-incorporando-jovenes-al-trabajo-productivo","status":"publish","type":"post","link":"https:\/\/inces.gob.ve\/index.php\/2018\/05\/16\/inces-chamba-juvenil-continuan-incorporando-jovenes-al-trabajo-productivo\/","title":{"rendered":"Inces y Chamba Juvenil contin\u00faan incorporando j\u00f3venes al trabajo productivo"},"content":{"rendered":"<p style=\"text-align: justify;\" align=\"left\"><em><strong>** Las luchas colectivas y el alcance de las metas solo son posibles en revoluci\u00f3n<\/strong><\/em><!--more--><\/p>\n<p align=\"justify\">\u00a0<\/p>\n<p style=\"text-align: justify;\" align=\"justify\"><strong>Prensa Inces. Lara.-<\/strong> J\u00f3venes dispuestos a incorporarse a trav\u00e9s del Plan Chamba Juvenil en las \u00e1reas de carpinter\u00eda, herrer\u00eda y plomer\u00eda, se dieron cita en el centro de formaci\u00f3n socialista \u201cJos\u00e9 P\u00edo Tamayo\u201d, con el fin de acudir a las diferentes empresas de la entidad larense a desarrollar sus conocimientos.<\/p>\n<p align=\"justify\">\u00a0<\/p>\n<p style=\"text-align: justify;\" align=\"justify\">As\u00ed lo inform\u00f3 el coordinador de la Juventud del Psuv y responsable pol\u00edtico del Plan Chamba Juvenil en el municipio Uni\u00f3n, Angelo Pacheco, quien destac\u00f3 que estos j\u00f3venes trabajan en un censo para registrar \u00e1reas de saberes y que con sus proyectos, creen y apoyan al presidente Nicol\u00e1s Maduro quien con 20 mil petros que les ser\u00e1n transferidos a trav\u00e9s del Ministerio del Poder Popular para la la Juventud, podr\u00e1n verlo hecho realidad.<\/p>\n<p align=\"justify\">\u00a0<\/p>\n<p style=\"text-align: justify;\" align=\"center\"><strong>La juventud quiere trabajar y sacar al pa\u00eds adelante<\/strong><\/p>\n<p style=\"text-align: justify;\" align=\"justify\">Enmarcado en un plan productivo de gallinas ponedoras, cerdos, planes de siembra, agricultura urbana y panader\u00eda, la juventud de este municipio se propone salir adelante \u201cle hablamos al presidente Nicol\u00e1s Maduro, somos la juventud productiva, un pueblo luchador y bueno, \u201cla patria nos necesita y nos llama por eso aqu\u00ed estamos con lealtad y con fuerza para vencer\u201d, exclam\u00f3 Pacheco.<\/p>\n<p align=\"justify\">\u00a0<\/p>\n<p style=\"text-align: justify;\" align=\"justify\">J\u00f3venes promotores deportivos que en convenio con Cuba atienden a los abuelos y a los j\u00f3venes, masificando lo que es el tema de deportes dijeron \u201cestamos tomando las riendas de estos programas\u201d en salud, tenemos enfermeros en Barrio Adentro; asimismo, Somos Venezuela que est\u00e1 en las comunidades atendiendo, verificando y dando respuesta con atenci\u00f3n y ayudas m\u00e9dicas.<\/p>\n<p align=\"justify\">\u00a0<\/p>\n<p style=\"text-align: justify;\" align=\"center\"><strong>Paz y organizaci\u00f3n alegr\u00eda y conciencia<\/strong><\/p>\n<p style=\"text-align: justify;\" align=\"justify\">Para Leydi Palencia promotora de deportes en Plan Chamba Juvenil \u201cel deporte es lo m\u00e1s bello. Me ha dejado grandes experiencias. Mis facilitadores me han ense\u00f1ado que el deporte es hacer patria y nos acerca para dejar los malos h\u00e1bitos y sentirse mejor, es un incentivo a la juventud a participar e involucrarse, motivados por la vida, por la uni\u00f3n y los sue\u00f1os\u201d enfatiz\u00f3.<\/p>\n<p align=\"justify\">\u00a0<\/p>\n<p align=\"justify\">\u00a0<\/p>\n<p style=\"text-align: justify;\" align=\"justify\"><strong>T\/ Dannys Morillo<\/strong><\/p>\n","protected":false},"excerpt":{"rendered":"<p>** Las luchas colectivas y el alcance de las metas solo son posibles en revoluci\u00f3n<\/p>\n","protected":false},"author":4,"featured_media":15118,"comment_status":"closed","ping_status":"closed","sticky":false,"template":"","format":"aside","meta":{"footnotes":""},"categories":[2],"tags":[],"class_list":["post-15117","post","type-post","status-publish","format-aside","has-post-thumbnail","hentry","category-blog","post_format-post-format-aside"],"_links":{"self":[{"href":"https:\/\/inces.gob.ve\/index.php\/wp-json\/wp\/v2\/posts\/15117","targetHints":{"allow":["GET"]}}],"collection":[{"href":"https:\/\/inces.gob.ve\/index.php\/wp-json\/wp\/v2\/posts"}],"about":[{"href":"https:\/\/inces.gob.ve\/index.php\/wp-json\/wp\/v2\/types\/post"}],"author":[{"embeddable":true,"href":"https:\/\/inces.gob.ve\/index.php\/wp-json\/wp\/v2\/users\/4"}],"replies":[{"embeddable":true,"href":"https:\/\/inces.gob.ve\/index.php\/wp-json\/wp\/v2\/comments?post=15117"}],"version-history":[{"count":1,"href":"https:\/\/inces.gob.ve\/index.php\/wp-json\/wp\/v2\/posts\/15117\/revisions"}],"predecessor-version":[{"id":34683,"href":"https:\/\/inces.gob.ve\/index.php\/wp-json\/wp\/v2\/posts\/15117\/revisions\/34683"}],"wp:featuredmedia":[{"embeddable":true,"href":"https:\/\/inces.gob.ve\/index.php\/wp-json\/"}],"wp:attachment":[{"href":"https:\/\/inces.gob.ve\/index.php\/wp-json\/wp\/v2\/media?parent=15117"}],"wp:term":[{"taxonomy":"category","embeddable":true,"href":"https:\/\/inces.gob.ve\/index.php\/wp-json\/wp\/v2\/categories?post=15117"},{"taxonomy":"post_tag","embeddable":true,"href":"https:\/\/inces.gob.ve\/index.php\/wp-json\/wp\/v2\/tags?post=15117"}],"curies":[{"name":"wp","href":"https:\/\/api.w.org\/{rel}","templated":true}]}}