{"id":15243,"date":"2018-05-18T13:30:47","date_gmt":"2018-05-18T19:30:47","guid":{"rendered":"http:\/\/www.inces.gob.ve\/?p=15243"},"modified":"2020-05-28T20:32:17","modified_gmt":"2020-05-29T00:32:17","slug":"comunidades-varguenses-reciben-atencion-integral-institucional","status":"publish","type":"post","link":"https:\/\/inces.gob.ve\/index.php\/2018\/05\/18\/comunidades-varguenses-reciben-atencion-integral-institucional\/","title":{"rendered":"Comunidades varguenses reciben atenci\u00f3n integral institucional"},"content":{"rendered":"<p style=\"text-align: justify;\"><span style=\"font-family: Times New Roman,serif;\"><span style=\"font-size: medium;\"><i><b><span style=\"color: #1d2129;\"><span style=\"font-family: Arial,serif;\"><span style=\"font-size: small;\">** La finalidad de brindar asesor\u00eda, instalar mesas de trabajo y recibir propuestas de proyectos socioproductivos<\/span><\/span><\/span><\/b><\/i><\/span><\/span><\/p>\n<p style=\"text-align: justify;\"><!--more--><\/p>\n<p class=\"western\" style=\"text-align: justify;\">\u00a0<\/p>\n<p class=\"western\" style=\"text-align: justify;\"><span style=\"color: #1d2129;\"><span style=\"font-family: Arial,serif;\"><b>Prensa Inces. Vargas.- <\/b><\/span><\/span><span style=\"font-family: Arial,sans-serif;\"><span style=\"font-size: medium;\">La Comunidad \u201cLas 4 Ra\u00edces\u201d, ubicada en Caribe, parroquia Caraballeda, estado Vargas, recibi\u00f3 una jornada de atenci\u00f3n integral por parte de las instituciones p\u00fablicas que est\u00e1n desplegados en todo el pa\u00eds, cumpliendo lineamientos emanados por el presidente obrero Nicol\u00e1s Maduro Moros, de abordar comunidad adentro, y dar respuesta a las problem\u00e1ticas existentes en ellas.<\/span><\/span><\/p>\n<p class=\"western\" style=\"text-align: justify;\">\u00a0<\/p>\n<p class=\"western\" style=\"text-align: justify;\"><a name=\"__DdeLink__90_1438901989\"><\/a><span style=\"font-family: Arial,sans-serif;\"><span style=\"font-size: medium;\">En esta oportunidad se cont\u00f3 con la atenci\u00f3n del Inces, el Tribunal Supremo de Justicia (TSJ), el Ministerio del Poder Popular de Industrias B\u00e1sicas, Estrat\u00e9gicas y Socialistas y sus entes adscritos, Ministerio del Poder Popular para Eco Socialismo y Agua, Corporaci\u00f3n El\u00e9ctrica Nacional, Ministerio de la Cultura, Movimiento Robert Serra, Frente Francisco de Miranda, entre otras organizaciones comunitarias regionales, con la finalidad de brindar asesor\u00eda, instalar mesas de trabajo y recibir propuestas de proyectos socioproductivos, para continuar con el desarrollo econ\u00f3mico emergente, y as\u00ed dar los pasos necesarios hacia la transformaci\u00f3n del estado rentista petrolero y contribuir a la nueva econom\u00eda comunal.<\/span><\/span><\/p>\n<p style=\"text-align: justify;\">\u00a0<\/p>\n<p class=\"western\" style=\"text-align: justify;\"><span style=\"font-family: Arial,sans-serif;\"><span style=\"font-size: medium;\"><img loading=\"lazy\" decoding=\"async\" class=\"size-full wp-image-15247 aligncenter\" src=\"http:\/\/www.inces.gob.ve\/wp-content\/uploads\/2018\/05\/2atenci\u00f3n-integral.jpg\" alt=\"\" width=\"850\" height=\"638\" \/><\/span><\/span><\/p>\n<p class=\"western\" style=\"text-align: justify;\">\u00a0<\/p>\n<p class=\"western\" style=\"text-align: justify;\"><span style=\"font-family: Arial,sans-serif;\"><span style=\"font-size: medium;\">El licenciado Sergio Quintero, director del Poder Comunal del Complejo Sider\u00fargico Nacional, fue el encargado de presentar variedad de actividades recreativas y culturales con propuestas variadas de bailes de Calipso y el tradicional baile del mono de Matur\u00edn, presentaci\u00f3n del grupo musical \u00abAcero y Tradi\u00bb, y obsequio de libros de historia de Venezuela para los ni\u00f1os y ni\u00f1as de la patria.<\/span><\/span><\/p>\n<p style=\"text-align: justify;\">\u00a0<\/p>\n<p class=\"western\" style=\"text-align: justify;\"><img loading=\"lazy\" decoding=\"async\" class=\"size-full wp-image-15246 aligncenter\" src=\"http:\/\/www.inces.gob.ve\/wp-content\/uploads\/2018\/05\/3atenci\u00f3n-integral.jpg\" alt=\"\" width=\"1080\" height=\"810\" \/><\/p>\n<p class=\"western\" style=\"text-align: justify;\"><span style=\"font-family: Arial,sans-serif;\"><span style=\"font-size: medium;\">La Oficina de Atenci\u00f3n al ciudadano (OAC) de Inces sede y el Inces Vargas brindaron atenci\u00f3n a los asistentes a la actividad en materia de formaci\u00f3n en oficios relacionados a los 15 motores, certificaci\u00f3n de saberes emp\u00edricos para los emprendedores de proyectos socios productivos, inscripci\u00f3n para cursos,atenci\u00f3n y acompa\u00f1amiento a j\u00f3venes aspirante a ingresar al Plan Chamba Juvenil y todo lo relacionado con el \u00e1rea formativa de la instituci\u00f3n.<\/span><\/span><\/p>\n<p style=\"text-align: justify;\">\u00a0<\/p>\n<p class=\"western\" style=\"text-align: justify;\"><img loading=\"lazy\" decoding=\"async\" class=\"size-full wp-image-15244 aligncenter\" src=\"http:\/\/www.inces.gob.ve\/wp-content\/uploads\/2018\/05\/6atenci\u00f3n-integral.jpg\" alt=\"\" width=\"850\" height=\"638\" \/><\/p>\n<p class=\"western\" style=\"text-align: justify;\"><span style=\"font-family: Arial,sans-serif;\"><span style=\"font-size: medium;\">El maestro t\u00e9cnico productivo V\u00edctor Herrera present\u00f3 un proyecto socio productivo metalmec\u00e1nico que naci\u00f3 en el seno del Movimiento Social Caribe Cultural y Productivo, Unidad de Producci\u00f3n Directa Comunal destinada a beneficiar a m\u00e1s de 100 familias integrantes de esta UPS.<\/span><\/span><\/p>\n<p style=\"text-align: justify;\">\u00a0<\/p>\n<p class=\"western\" style=\"text-align: justify;\"><img loading=\"lazy\" decoding=\"async\" class=\"size-full wp-image-15245 aligncenter\" src=\"http:\/\/www.inces.gob.ve\/wp-content\/uploads\/2018\/05\/5atenci\u00f3n-integral.jpg\" alt=\"\" width=\"850\" height=\"638\" \/><\/p>\n<p class=\"western\" style=\"text-align: justify;\"><span style=\"font-family: Arial,sans-serif;\"><span style=\"font-size: medium;\">El Poder Popular celebra este tipo de actividades que fortalecen la organizaci\u00f3n comunal y espera pronta y oportuna respuestas a sus planteamientos realizados.<\/span><\/span><\/p>\n<p class=\"western\" style=\"text-align: justify;\">\u00a0<\/p>\n<p class=\"western\" style=\"text-align: justify;\"><span style=\"font-family: Arial,sans-serif;\"><span style=\"font-size: medium;\">T\/ Renzo Mendoza <\/span><\/span><\/p>\n<p class=\"western\" style=\"text-align: justify;\">\u00a0<\/p>\n<p class=\"western\">\u00a0<\/p>\n<p class=\"western\">\u00a0<\/p>\n","protected":false},"excerpt":{"rendered":"<p>** La finalidad de brindar asesor\u00eda, instalar mesas de trabajo y recibir propuestas de proyectos socioproductivos<\/p>\n","protected":false},"author":15,"featured_media":15248,"comment_status":"closed","ping_status":"closed","sticky":false,"template":"","format":"aside","meta":{"footnotes":""},"categories":[2],"tags":[],"class_list":["post-15243","post","type-post","status-publish","format-aside","has-post-thumbnail","hentry","category-blog","post_format-post-format-aside"],"_links":{"self":[{"href":"https:\/\/inces.gob.ve\/index.php\/wp-json\/wp\/v2\/posts\/15243","targetHints":{"allow":["GET"]}}],"collection":[{"href":"https:\/\/inces.gob.ve\/index.php\/wp-json\/wp\/v2\/posts"}],"about":[{"href":"https:\/\/inces.gob.ve\/index.php\/wp-json\/wp\/v2\/types\/post"}],"author":[{"embeddable":true,"href":"https:\/\/inces.gob.ve\/index.php\/wp-json\/wp\/v2\/users\/15"}],"replies":[{"embeddable":true,"href":"https:\/\/inces.gob.ve\/index.php\/wp-json\/wp\/v2\/comments?post=15243"}],"version-history":[{"count":1,"href":"https:\/\/inces.gob.ve\/index.php\/wp-json\/wp\/v2\/posts\/15243\/revisions"}],"predecessor-version":[{"id":34665,"href":"https:\/\/inces.gob.ve\/index.php\/wp-json\/wp\/v2\/posts\/15243\/revisions\/34665"}],"wp:featuredmedia":[{"embeddable":true,"href":"https:\/\/inces.gob.ve\/index.php\/wp-json\/"}],"wp:attachment":[{"href":"https:\/\/inces.gob.ve\/index.php\/wp-json\/wp\/v2\/media?parent=15243"}],"wp:term":[{"taxonomy":"category","embeddable":true,"href":"https:\/\/inces.gob.ve\/index.php\/wp-json\/wp\/v2\/categories?post=15243"},{"taxonomy":"post_tag","embeddable":true,"href":"https:\/\/inces.gob.ve\/index.php\/wp-json\/wp\/v2\/tags?post=15243"}],"curies":[{"name":"wp","href":"https:\/\/api.w.org\/{rel}","templated":true}]}}