{"id":15252,"date":"2018-05-18T13:37:19","date_gmt":"2018-05-18T19:37:19","guid":{"rendered":"http:\/\/www.inces.gob.ve\/?p=15252"},"modified":"2020-05-28T20:32:17","modified_gmt":"2020-05-29T00:32:17","slug":"inces-carabobo-presente-cierre-campana-del-candidato-la-reeleccion-nicolas-maduro","status":"publish","type":"post","link":"https:\/\/inces.gob.ve\/index.php\/2018\/05\/18\/inces-carabobo-presente-cierre-campana-del-candidato-la-reeleccion-nicolas-maduro\/","title":{"rendered":"Inces Carabobo presente en cierre de campa\u00f1a del candidato a la reelecci\u00f3n Nicol\u00e1s Maduro"},"content":{"rendered":"<p class=\"western\" style=\"text-align: justify;\"><span style=\"font-family: Arial,sans-serif;\"><span style=\"font-size: medium;\"><i><b>** \u201cJ\u00f3venes del Programa Nacional de Aprendices Inces Carabobo consignaron frases en apoyo al candidato presidencial\u201d<\/b><\/i><\/span><\/span><\/p>\n<p class=\"western\" style=\"text-align: justify;\"><!--more-->\n <\/p>\n<p class=\"western\" style=\"text-align: justify;\"><span style=\"font-family: Arial,sans-serif;\"><span style=\"font-size: medium;\"><b>PRENSA INCES. <\/b><b>(<\/b><b>CARABOBO<\/b><b>)<\/b>.- El Instituto Nacional de Capacitaci\u00f3n y Educaci\u00f3n Socialista (Inces), del estado Carabobo, acompa\u00f1\u00f3 masivamente al candidato del Frente Amplio de la Patria Nicol\u00e1s Maduro, en su visita al estado Carabobo, por el cierre de campa\u00f1a que viene realizando por todo el pa\u00eds.<\/span><\/span><\/p>\n<p class=\"western\" style=\"text-align: justify;\">\n <\/p>\n<p class=\"western\" style=\"text-align: justify;\"><span style=\"font-family: Arial,sans-serif;\"><span style=\"font-size: medium;\">El gerente regional de Inces Carabobo, Guyen Soto, junto a jefes de Centros de Formaci\u00f3n Socialistas (CFS), jefes de programas, j\u00f3venes de Chamba Juvenil, personal docente, administrativo y obrero, con alegr\u00eda y mucha energ\u00eda hicieron acto de presencia en las inmediaciones de la avenida Enrique Tejera de Valencia, para dar respaldo al candidato a la reelecci\u00f3n.<\/span><\/span><\/p>\n<p style=\"text-align: justify;\">\u00a0<\/p>\n<p class=\"western\" style=\"text-align: justify;\"><span style=\"font-family: Arial,sans-serif;\"><span style=\"font-size: medium;\">El presidente Nicol\u00e1s Maduro, durante su discurso, salud\u00f3 a los j\u00f3venes carabobe\u00f1os enfatizando que \u201cCarabobo est\u00e1 lleno de juventud\u201d, explic\u00f3 los avances en materia educativa y la importancia de continuar con el proyecto de gobierno implementado por el comandante Hugo Ch\u00e1vez.<\/span><\/span><\/p>\n<p>&nbsp;<\/p>\n<p class=\"western\" style=\"text-align: justify;\"><span style=\"font-family: Arial,sans-serif;\"><span style=\"font-size: medium;\"><img loading=\"lazy\" decoding=\"async\" class=\"size-full wp-image-15255 aligncenter\" src=\"http:\/\/www.inces.gob.ve\/wp-content\/uploads\/2018\/05\/1cierre-de-campa\u00f1a-1-1.jpg\" alt=\"\" width=\"850\" height=\"638\" \/><\/span><\/span><\/p>\n<p style=\"text-align: justify;\">\u00a0<\/p>\n<p class=\"western\" style=\"text-align: justify;\"><span style=\"font-family: Arial,sans-serif;\"><span style=\"font-size: medium;\">Listos para la fiesta electoral<\/span><\/span><\/p>\n<p class=\"western\" style=\"text-align: justify;\"><span style=\"font-family: Arial,sans-serif;\"><span style=\"font-size: medium;\">Desde el Inces Carabobo, ya se encuentran activas diferentes Salas Situacionales, distribuidas en los siete CFS del estado, para dar respaldo a la movilizaci\u00f3n del pr\u00f3ximo 20 de mayo del voto joven.<\/span><\/span><\/p>\n<p style=\"text-align: justify;\">\u00a0<\/p>\n<p class=\"western\" style=\"text-align: justify;\"><span style=\"font-family: Arial,sans-serif;\"><span style=\"font-size: medium;\">Por su parte, el gerente de Inces aprovech\u00f3 la oportunidad para hacer un llamado \u201clos invito a que desde cualquier lugar donde se encuentre, a cada venezolano, a cada madre, campesino, joven, trabajador, a que no se quede sin votar, contamos con un sistema electoral de \u00faltima generaci\u00f3n, envidiable ante el mundo, muestra de ello, es la organizaci\u00f3n prevista para las elecciones del domingo, todos a votar, por la patria y el por el candidato de la paz Nicol\u00e1s Maduro\u201d.<\/span><\/span><\/p>\n<p class=\"western\" style=\"text-align: justify;\">\n <\/p>\n<p class=\"western\" style=\"text-align: justify;\"><span style=\"font-family: Arial,sans-serif;\"><span style=\"font-size: medium;\">Prensa Comunicaci\u00f3n Carabobo<\/span><\/span><\/p>\n","protected":false},"excerpt":{"rendered":"<p>** \u201cJ\u00f3venes del Programa Nacional de Aprendices Inces Carabobo consignaron frases en apoyo al candidato presidencial\u201d<\/p>\n","protected":false},"author":15,"featured_media":15254,"comment_status":"closed","ping_status":"closed","sticky":false,"template":"","format":"aside","meta":{"footnotes":""},"categories":[2],"tags":[],"class_list":["post-15252","post","type-post","status-publish","format-aside","has-post-thumbnail","hentry","category-blog","post_format-post-format-aside"],"_links":{"self":[{"href":"https:\/\/inces.gob.ve\/index.php\/wp-json\/wp\/v2\/posts\/15252","targetHints":{"allow":["GET"]}}],"collection":[{"href":"https:\/\/inces.gob.ve\/index.php\/wp-json\/wp\/v2\/posts"}],"about":[{"href":"https:\/\/inces.gob.ve\/index.php\/wp-json\/wp\/v2\/types\/post"}],"author":[{"embeddable":true,"href":"https:\/\/inces.gob.ve\/index.php\/wp-json\/wp\/v2\/users\/15"}],"replies":[{"embeddable":true,"href":"https:\/\/inces.gob.ve\/index.php\/wp-json\/wp\/v2\/comments?post=15252"}],"version-history":[{"count":1,"href":"https:\/\/inces.gob.ve\/index.php\/wp-json\/wp\/v2\/posts\/15252\/revisions"}],"predecessor-version":[{"id":34664,"href":"https:\/\/inces.gob.ve\/index.php\/wp-json\/wp\/v2\/posts\/15252\/revisions\/34664"}],"wp:featuredmedia":[{"embeddable":true,"href":"https:\/\/inces.gob.ve\/index.php\/wp-json\/"}],"wp:attachment":[{"href":"https:\/\/inces.gob.ve\/index.php\/wp-json\/wp\/v2\/media?parent=15252"}],"wp:term":[{"taxonomy":"category","embeddable":true,"href":"https:\/\/inces.gob.ve\/index.php\/wp-json\/wp\/v2\/categories?post=15252"},{"taxonomy":"post_tag","embeddable":true,"href":"https:\/\/inces.gob.ve\/index.php\/wp-json\/wp\/v2\/tags?post=15252"}],"curies":[{"name":"wp","href":"https:\/\/api.w.org\/{rel}","templated":true}]}}