{"id":15257,"date":"2018-05-18T13:41:06","date_gmt":"2018-05-18T19:41:06","guid":{"rendered":"http:\/\/www.inces.gob.ve\/?p=15257"},"modified":"2020-05-28T20:33:27","modified_gmt":"2020-05-29T00:33:27","slug":"256-chambistas-mas-zulia-iniciaran-la-formacion-tecnica-inces","status":"publish","type":"post","link":"https:\/\/inces.gob.ve\/index.php\/2018\/05\/18\/256-chambistas-mas-zulia-iniciaran-la-formacion-tecnica-inces\/","title":{"rendered":"256 chambistas m\u00e1s en el Zulia iniciar\u00e1n la formaci\u00f3n t\u00e9cnica en el Inces"},"content":{"rendered":"<p style=\"text-align: justify;\"><span style=\"font-family: Arial,sans-serif;\"><i><b>** Ser\u00e1n distribuido en las 14 empresas mixtas de la CVP<\/b><\/i><\/span><\/p>\n<p style=\"text-align: justify;\"><!--more-->\n <\/p>\n<p style=\"text-align: justify;\"><span style=\"font-family: Arial,sans-serif;\"><b>Prensa Inces. <\/b><b>(<\/b><b>Zulia<\/b><b>)<\/b>.- 256 j\u00f3venes del Plan Chamba Juvenil iniciar\u00e1n la formaci\u00f3n t\u00e9cnica en el Instituto Nacional de Capacitaci\u00f3n y Educaci\u00f3n Socialista (Inces) en los oficios de Corte Operacional que requiere la Corporaci\u00f3n Venezolana de Petr\u00f3leo, (CVP) filial de PDVSA que los contrat\u00f3 en julio de 2017, as\u00ed lo afirm\u00f3 la supervisora de la Unidad de Captaci\u00f3n y Desarrollo de la Corporaci\u00f3n Venezolana del Petr\u00f3leo (CVP) para las empresas mixtas, Yolemis Flores. <\/span><\/p>\n<p style=\"text-align: justify;\">\n <\/p>\n<p style=\"text-align: justify;\"><span style=\"font-family: Arial,sans-serif;\">Flores, en conjunto con la analista mayor de esa unidad, Mar\u00eda Elena Vicent se reunieron en la sede administrativa de la instituci\u00f3n, ubicada en Maracaibo, con el jefe de la Divisi\u00f3n de Formaci\u00f3n Profesional del Inces, Mart\u00edn Mele\u00e1n, con la finalidad de discutir los detalles para el desarrollo de los cursos. <\/span><\/p>\n<p style=\"text-align: justify;\">\n <\/p>\n<p style=\"text-align: justify;\">\u201c<span style=\"font-family: Arial,sans-serif;\">Estos j\u00f3venes recibieron formaci\u00f3n, dentro de la industria, sobre la historia de Pdvsa, de las 14 empresas mixtas que integran la CVP, talleres de seguridad e higiene laboral, redacci\u00f3n de informes y ortograf\u00eda, talleres de autoestima y ahora deben ser incorporados a los cursos t\u00e9cnicos\u201d, recalc\u00f3 Flores. <\/span><\/p>\n<p style=\"text-align: justify;\">\n <\/p>\n<p style=\"text-align: justify;\"><span style=\"font-family: Arial,sans-serif;\">Este batall\u00f3n de juventud, una vez que culmine su proceso formativo, ser\u00e1n distribuido en las 14 empresas mixtas de la CVP. Posteriormente esta filial de Pdvsa ingresar\u00e1 277 m\u00e1s para un total de 533 beneficiados con esta pol\u00edtica p\u00fablica que les brinda a estos hombres y mujeres de la patria el primer empleo. <\/span><\/p>\n<p style=\"text-align: justify;\">\n <\/p>\n<p style=\"text-align: justify;\"><span style=\"font-family: Arial,sans-serif;\">Por su parte, el jefe de la Divisi\u00f3n de Formaci\u00f3n Profesional del Inces, Mart\u00edn Mele\u00e1n recalc\u00f3 que se efectuar\u00e1n en los pr\u00f3ximos d\u00edas varios encuentros con los j\u00f3venes para realizar la clasificaci\u00f3n de los oficios y as\u00ed mismo, se reunir\u00e1n con el personal docente que asumir\u00e1 esta responsabilidad de formar a estos constructores de la patria. <\/span><\/p>\n<p style=\"text-align: justify;\">\n <\/p>\n<p style=\"text-align: justify;\"><span style=\"font-family: Arial,sans-serif;\">Yudith Castro<\/span><\/p>\n<p style=\"text-align: justify;\">\n <\/p>\n","protected":false},"excerpt":{"rendered":"<p>** Ser\u00e1n distribuido en las 14 empresas mixtas de la CVP<\/p>\n","protected":false},"author":15,"featured_media":15258,"comment_status":"closed","ping_status":"closed","sticky":false,"template":"","format":"aside","meta":{"footnotes":""},"categories":[2],"tags":[],"class_list":["post-15257","post","type-post","status-publish","format-aside","has-post-thumbnail","hentry","category-blog","post_format-post-format-aside"],"_links":{"self":[{"href":"https:\/\/inces.gob.ve\/index.php\/wp-json\/wp\/v2\/posts\/15257","targetHints":{"allow":["GET"]}}],"collection":[{"href":"https:\/\/inces.gob.ve\/index.php\/wp-json\/wp\/v2\/posts"}],"about":[{"href":"https:\/\/inces.gob.ve\/index.php\/wp-json\/wp\/v2\/types\/post"}],"author":[{"embeddable":true,"href":"https:\/\/inces.gob.ve\/index.php\/wp-json\/wp\/v2\/users\/15"}],"replies":[{"embeddable":true,"href":"https:\/\/inces.gob.ve\/index.php\/wp-json\/wp\/v2\/comments?post=15257"}],"version-history":[{"count":1,"href":"https:\/\/inces.gob.ve\/index.php\/wp-json\/wp\/v2\/posts\/15257\/revisions"}],"predecessor-version":[{"id":34663,"href":"https:\/\/inces.gob.ve\/index.php\/wp-json\/wp\/v2\/posts\/15257\/revisions\/34663"}],"wp:featuredmedia":[{"embeddable":true,"href":"https:\/\/inces.gob.ve\/index.php\/wp-json\/"}],"wp:attachment":[{"href":"https:\/\/inces.gob.ve\/index.php\/wp-json\/wp\/v2\/media?parent=15257"}],"wp:term":[{"taxonomy":"category","embeddable":true,"href":"https:\/\/inces.gob.ve\/index.php\/wp-json\/wp\/v2\/categories?post=15257"},{"taxonomy":"post_tag","embeddable":true,"href":"https:\/\/inces.gob.ve\/index.php\/wp-json\/wp\/v2\/tags?post=15257"}],"curies":[{"name":"wp","href":"https:\/\/api.w.org\/{rel}","templated":true}]}}