{"id":15301,"date":"2018-05-21T13:49:34","date_gmt":"2018-05-21T19:49:34","guid":{"rendered":"http:\/\/www.inces.gob.ve\/?p=15301"},"modified":"2020-05-28T20:32:17","modified_gmt":"2020-05-29T00:32:17","slug":"sector-educacion-se-sumo-la-onda-del-nuevo-cono-monetario","status":"publish","type":"post","link":"https:\/\/inces.gob.ve\/index.php\/2018\/05\/21\/sector-educacion-se-sumo-la-onda-del-nuevo-cono-monetario\/","title":{"rendered":"Sector educaci\u00f3n se sum\u00f3 a la onda del nuevo cono monetario"},"content":{"rendered":"<p style=\"text-align: justify;\"><span style=\"font-family: Arial,sans-serif;\"><i><b>** La formaci\u00f3n para dar a conocer la reconversi\u00f3n monetaria permite democratizar el conocimiento y el Inces se ha sumado a esta coyuntura<\/b><\/i><\/span><\/p>\n<p style=\"text-align: justify;\">\n <!--more--><\/p>\n<p>&nbsp;<\/p>\n<p style=\"text-align: justify;\"><span style=\"font-family: Arial,sans-serif;\"><b>Prensa Inces(<\/b><b>Yaracuy<\/b><b>)<\/b><b>.-<\/b> Tras un encuentro masivo en el centro de convenciones Henrique Tirado Reyes de Yaracuy, se llev\u00f3 a cabo una conferencia sobre la Reconversi\u00f3n Monetaria, la cual reuni\u00f3 a todos los entes adscritos al Ministerio del Poder Popular para la Educaci\u00f3n, alcanzando las dos mil personas entre docentes, personal administrativo, estudiantes y dem\u00e1s voceros estudiantiles y otros formados en el tema, seg\u00fan indic\u00f3 Ana Rodr\u00edguez, directora de la Zona Educativa en la regi\u00f3n.<\/span><\/p>\n<p style=\"text-align: justify;\">\n <\/p>\n<p style=\"text-align: justify;\"><span style=\"font-family: Arial,sans-serif;\">Se\u00f1al\u00f3 que la actividad estuvo encabezada por Jos\u00e9 Rafael Mendoza, coordinador general de la Reconversi\u00f3n Monetaria del Banco Central de Venezuela (BCV); Carlos Escobar, responsable de la Gerencia de Estad\u00edstica del BCV; Wilfredo Gonz\u00e1lez, especialista estad\u00edstico, V\u00edctor Parizzi, presidente y candidato a la reelecci\u00f3n del Consejo Legislativo del estado Yaracuy y Al\u00ed Alvarado, concejal y vicepresidente nacional del partido Podemos. <\/span><\/p>\n<p>&nbsp;<\/p>\n<p style=\"text-align: justify;\"><span style=\"font-family: Arial,sans-serif;\"><img loading=\"lazy\" decoding=\"async\" class=\"size-full wp-image-15303 aligncenter\" src=\"http:\/\/www.inces.gob.ve\/wp-content\/uploads\/2018\/05\/2reconversi\u00f3n-monetaria.jpg\" alt=\"\" width=\"850\" height=\"638\" \/><\/span><\/p>\n<p style=\"text-align: justify;\">\u00a0<\/p>\n<p style=\"text-align: justify;\"><span style=\"font-family: Arial,sans-serif;\">Por su parte, Menzdoza puntualiz\u00f3 que se ha desplegado un equipo en todo el pa\u00eds, atendiendo al sector p\u00fablico, privado y comunal, para realizar la correspondiente formaci\u00f3n de la entrada en vigencia del nuevo cono monetario, como parte de una pol\u00edtica para sanear la administraci\u00f3n y cuentas del pa\u00eds, as\u00ed como el alcance y los objetivos propios de esta estrategia y sus beneficios.<\/span><\/p>\n<p style=\"text-align: justify;\">\n <\/p>\n<p style=\"text-align: justify;\">\u201c<span style=\"font-family: Arial,sans-serif;\">Esta pol\u00edtica permitir\u00eda el manejo m\u00e1s simple y m\u00e1s f\u00e1cil de la reexpresi\u00f3n de los sistemas financieros y contables, la cual tendr\u00e1 menores d\u00edgitos y para el ciudadano com\u00fan tambi\u00e9n se har\u00e1 de f\u00e1cil acceso, ya que se tendr\u00e1n billetes de mayor denominaci\u00f3n, adem\u00e1s que no es una pr\u00e1ctica nueva dado que en el 2008 el presidente Ch\u00e1vez, tambi\u00e9n promovi\u00f3 una reconversi\u00f3n monetaria\u201d, puntualiz\u00f3. <\/span><\/p>\n<p style=\"text-align: justify;\">\n <\/p>\n<p style=\"text-align: justify;\"><span style=\"font-family: Arial,sans-serif;\">Acot\u00f3 que Venezuela ha experimentado tres factores que han impactado abruptamente la econom\u00eda y son las sanciones econ\u00f3micas y financieras, la extracci\u00f3n de la moneda y el mercado de divisa no oficial, lo cual ha incidido en el incremento desmedido de precios, obligando al Banco Central de Venezuela a colocar una mayor cantidad de piezas monetarias para brindar m\u00e1s estabilidad en su uso.<\/span><\/p>\n<p>&nbsp;<\/p>\n<p style=\"text-align: justify;\"><img loading=\"lazy\" decoding=\"async\" class=\"alignnone size-full wp-image-15304\" src=\"http:\/\/www.inces.gob.ve\/wp-content\/uploads\/2018\/05\/1reconversi\u00f3n-monetaria.jpg\" alt=\"\" width=\"850\" height=\"567\" \/>\n <\/p>\n<p style=\"text-align: justify;\"><span style=\"font-family: Arial,sans-serif;\">Mendoza asever\u00f3 que la nueva estrategia busca fortalecer la \u00e9tica anticolonial a trav\u00e9s del Bol\u00edvar Soberano, activar la renovaci\u00f3n ecnon\u00f3mica y complementar y consolidar la implementaci\u00f3n del Petro, entre otros aspectos.<\/span><\/p>\n<p style=\"text-align: justify;\">\n <\/p>\n<p style=\"text-align: justify;\">\n <\/p>\n<p style=\"text-align: justify;\"><span style=\"font-family: Arial,sans-serif;\">T\/ Mar\u00eda Alejandra Arias <\/span><\/p>\n","protected":false},"excerpt":{"rendered":"<p>** La formaci\u00f3n para dar a conocer la reconversi\u00f3n monetaria permite democratizar el conocimiento y el Inces se ha sumado a esta coyuntura<\/p>\n","protected":false},"author":15,"featured_media":15302,"comment_status":"closed","ping_status":"closed","sticky":false,"template":"","format":"aside","meta":{"footnotes":""},"categories":[2],"tags":[],"class_list":["post-15301","post","type-post","status-publish","format-aside","has-post-thumbnail","hentry","category-blog","post_format-post-format-aside"],"_links":{"self":[{"href":"https:\/\/inces.gob.ve\/index.php\/wp-json\/wp\/v2\/posts\/15301","targetHints":{"allow":["GET"]}}],"collection":[{"href":"https:\/\/inces.gob.ve\/index.php\/wp-json\/wp\/v2\/posts"}],"about":[{"href":"https:\/\/inces.gob.ve\/index.php\/wp-json\/wp\/v2\/types\/post"}],"author":[{"embeddable":true,"href":"https:\/\/inces.gob.ve\/index.php\/wp-json\/wp\/v2\/users\/15"}],"replies":[{"embeddable":true,"href":"https:\/\/inces.gob.ve\/index.php\/wp-json\/wp\/v2\/comments?post=15301"}],"version-history":[{"count":1,"href":"https:\/\/inces.gob.ve\/index.php\/wp-json\/wp\/v2\/posts\/15301\/revisions"}],"predecessor-version":[{"id":34655,"href":"https:\/\/inces.gob.ve\/index.php\/wp-json\/wp\/v2\/posts\/15301\/revisions\/34655"}],"wp:featuredmedia":[{"embeddable":true,"href":"https:\/\/inces.gob.ve\/index.php\/wp-json\/"}],"wp:attachment":[{"href":"https:\/\/inces.gob.ve\/index.php\/wp-json\/wp\/v2\/media?parent=15301"}],"wp:term":[{"taxonomy":"category","embeddable":true,"href":"https:\/\/inces.gob.ve\/index.php\/wp-json\/wp\/v2\/categories?post=15301"},{"taxonomy":"post_tag","embeddable":true,"href":"https:\/\/inces.gob.ve\/index.php\/wp-json\/wp\/v2\/tags?post=15301"}],"curies":[{"name":"wp","href":"https:\/\/api.w.org\/{rel}","templated":true}]}}