{"id":15312,"date":"2018-05-21T14:12:49","date_gmt":"2018-05-21T20:12:49","guid":{"rendered":"http:\/\/www.inces.gob.ve\/?p=15312"},"modified":"2020-05-28T20:33:27","modified_gmt":"2020-05-29T00:33:27","slug":"27-participantes-egresaron-del-curso-organicacion-eventos-especiales-protocolo","status":"publish","type":"post","link":"https:\/\/inces.gob.ve\/index.php\/2018\/05\/21\/27-participantes-egresaron-del-curso-organicacion-eventos-especiales-protocolo\/","title":{"rendered":"27 participantes egresaron del curso Organicaci\u00f3n de Eventos Especiales y Protocolo"},"content":{"rendered":"<p style=\"text-align: justify;\"><span style=\"font-family: Arial,sans-serif;\"><i><b>** El Inces Miranda fomenta la educaci\u00f3n para el servicio <\/b><\/i><\/span><\/p>\n<p style=\"text-align: justify;\"><!--more--><\/p>\n<p>&nbsp;<\/p>\n<p style=\"text-align: justify;\"><span style=\"font-family: Arial,sans-serif;\"><b>Prensa Inces(<\/b><b>Mirnada<\/b><b>)<\/b>.- En el sal\u00f3n Francisco de Miranda del centro de formaci\u00f3n socialista textil, Los Cortijos, se llev\u00f3 acabo la entrega de 27 certificados a los participantes del curso Organizaci\u00f3n de Eventos Especiales y Protocolo.<\/span><\/p>\n<p>&nbsp;<\/p>\n<p style=\"text-align: justify;\"><span style=\"font-family: Arial,sans-serif;\">El momento fue propicio para festejar el D\u00eda de las Madres. Los alumnos atendieron a sus progenitoras y familiares como forma de poner en pr\u00e1ctica lo aprendido durante su permanencia en la formaci\u00f3n. <\/span><\/p>\n<p>&nbsp;<\/p>\n<p style=\"text-align: justify;\"><img loading=\"lazy\" decoding=\"async\" class=\"size-full wp-image-15314 aligncenter\" src=\"http:\/\/www.inces.gob.ve\/wp-content\/uploads\/2018\/05\/4participantes-del-curso.jpg\" alt=\"\" width=\"850\" height=\"478\" \/><\/p>\n<p style=\"text-align: justify;\"><span style=\"font-family: Arial,sans-serif;\">Silvana Monteiro, maestra t\u00e9cnica productiva en Turismo, acot\u00f3: \u201cen esta oportunidad estamos celebrando el D\u00eda de las Madres con las representantes de los alumnos que culminaron el curso Organizaci\u00f3n de Eventos Especiales y Protocolo. Esta actividad emerge de los lineamientos del Inces que indican que todo participante tiene que organizar un evento para poder obtener su certificado\u201d. <\/span><\/p>\n<p>&nbsp;<\/p>\n<p style=\"text-align: justify;\"><span style=\"font-family: Arial,sans-serif;\"><img loading=\"lazy\" decoding=\"async\" class=\"size-full wp-image-15313 aligncenter\" src=\"http:\/\/www.inces.gob.ve\/wp-content\/uploads\/2018\/05\/5participantes-del-curso.jpg\" alt=\"\" width=\"850\" height=\"478\" \/><\/span><\/p>\n<p>&nbsp;<\/p>\n<p style=\"text-align: justify;\"><span style=\"font-family: Arial,sans-serif;\">La actividad estuvo amenizada por los trovadores \u00c1ngel Gabriel y Zoraida Ramos.<\/span><\/p>\n<p>&nbsp;<\/p>\n<p style=\"text-align: justify;\">\u00a0<\/p>\n<p>&nbsp;<\/p>\n<p style=\"text-align: justify;\"><span style=\"font-family: Arial,sans-serif;\">T\/ Dimas Paez<\/span><\/p>\n","protected":false},"excerpt":{"rendered":"<p>** El Inces Miranda fomenta la educaci\u00f3n para el servicio<\/p>\n","protected":false},"author":15,"featured_media":15315,"comment_status":"closed","ping_status":"closed","sticky":false,"template":"","format":"aside","meta":{"footnotes":""},"categories":[2],"tags":[],"class_list":["post-15312","post","type-post","status-publish","format-aside","has-post-thumbnail","hentry","category-blog","post_format-post-format-aside"],"_links":{"self":[{"href":"https:\/\/inces.gob.ve\/index.php\/wp-json\/wp\/v2\/posts\/15312","targetHints":{"allow":["GET"]}}],"collection":[{"href":"https:\/\/inces.gob.ve\/index.php\/wp-json\/wp\/v2\/posts"}],"about":[{"href":"https:\/\/inces.gob.ve\/index.php\/wp-json\/wp\/v2\/types\/post"}],"author":[{"embeddable":true,"href":"https:\/\/inces.gob.ve\/index.php\/wp-json\/wp\/v2\/users\/15"}],"replies":[{"embeddable":true,"href":"https:\/\/inces.gob.ve\/index.php\/wp-json\/wp\/v2\/comments?post=15312"}],"version-history":[{"count":1,"href":"https:\/\/inces.gob.ve\/index.php\/wp-json\/wp\/v2\/posts\/15312\/revisions"}],"predecessor-version":[{"id":34653,"href":"https:\/\/inces.gob.ve\/index.php\/wp-json\/wp\/v2\/posts\/15312\/revisions\/34653"}],"wp:featuredmedia":[{"embeddable":true,"href":"https:\/\/inces.gob.ve\/index.php\/wp-json\/"}],"wp:attachment":[{"href":"https:\/\/inces.gob.ve\/index.php\/wp-json\/wp\/v2\/media?parent=15312"}],"wp:term":[{"taxonomy":"category","embeddable":true,"href":"https:\/\/inces.gob.ve\/index.php\/wp-json\/wp\/v2\/categories?post=15312"},{"taxonomy":"post_tag","embeddable":true,"href":"https:\/\/inces.gob.ve\/index.php\/wp-json\/wp\/v2\/tags?post=15312"}],"curies":[{"name":"wp","href":"https:\/\/api.w.org\/{rel}","templated":true}]}}