{"id":15328,"date":"2018-05-23T12:56:18","date_gmt":"2018-05-23T18:56:18","guid":{"rendered":"http:\/\/www.inces.gob.ve\/?p=15328"},"modified":"2020-05-28T20:33:27","modified_gmt":"2020-05-29T00:33:27","slug":"260-zulianos-acreditaron-saberes-cfs-bella-vista-ii","status":"publish","type":"post","link":"https:\/\/inces.gob.ve\/index.php\/2018\/05\/23\/260-zulianos-acreditaron-saberes-cfs-bella-vista-ii\/","title":{"rendered":"260 zulianos acreditaron sus saberes en el CFS Bella Vista II"},"content":{"rendered":"<p style=\"text-align: justify;\"><span style=\"font-family: Arial,sans-serif;\"><i><b>** Esto es frutos del Plan 500 Certifica T\u00fa Saber, \u00a1la oportunidad de validar tus conocimientos!<\/b><\/i><\/span><\/p>\n<p style=\"text-align: justify;\">\n <!--more--><\/p>\n<p>&nbsp;<\/p>\n<p style=\"text-align: justify;\"><span style=\"font-family: Arial,sans-serif;\"><b>Prensa Inces. <\/b><b>(<\/b><b>Zulia<\/b><b>)<\/b>.- En una jornada especial realizada en el centro de formaci\u00f3n socialista (CFS) Bella Vista II del Instituto Nacional de Capacitaci\u00f3n y Educaci\u00f3n Socialista (Inces), 260 zulianos acreditaron sus saberes a trav\u00e9s del Plan 500 Certifica T\u00fa Saber, \u00a1la oportunidad de validar tus conocimientos!. Este plan se ha desplegado en los 11 centros formativos de esta instituci\u00f3n ubicados en la regi\u00f3n zuliana y la meta es acreditar los saberes de m\u00e1s de 10 mil personas.<\/span><\/p>\n<p style=\"text-align: justify;\">\n <\/p>\n<p style=\"text-align: justify;\"><span style=\"font-family: Arial,sans-serif;\">As\u00ed lo afirm\u00f3, Liliana Lara, jefa del CFS Bella Vista II, quien destac\u00f3 que los beneficiarios se acreditaron en diversas \u00e1reas de Comercio y Servicios: Peluquer\u00eda, Barber\u00eda, Manicure, Pedicure, Asistente Administrativo, Auxiliar de Contabilidad, Ingl\u00e9s, Cocina y Reposter\u00eda, entre otras. <\/span><\/p>\n<p style=\"text-align: justify;\">\n <img loading=\"lazy\" decoding=\"async\" class=\"size-full wp-image-15330 aligncenter\" src=\"http:\/\/www.inces.gob.ve\/wp-content\/uploads\/2018\/05\/1saberes.jpg\" alt=\"\" width=\"850\" height=\"510\" \/><\/p>\n<p style=\"text-align: justify;\"><span style=\"font-family: Arial,sans-serif;\">Este plan se inici\u00f3 el pasado 10 y culminar\u00e1 el pr\u00f3ximo 29 de mayo. Su finalidad es poder responder de forma r\u00e1pida y oportuna las necesidades del poder popular que en muchos casos requiere un certificado para obtener un empleo o solicitar un cr\u00e9dito en las entidades bancarias. <\/span><\/p>\n<p style=\"text-align: justify;\">\n <\/p>\n<p style=\"text-align: justify;\"><span style=\"font-family: Arial,sans-serif;\">Para participar en este plan, solo debe presentarse la fotocopia de la c\u00e9dula de identidad, tener experiencia en el oficio a certificar y acudir al centro formativo Inces m\u00e1s cercano a su residencia. <\/span><\/p>\n<p style=\"text-align: justify;\">\n <\/p>\n<p style=\"text-align: justify;\"><span style=\"font-family: Arial,sans-serif;\">Hablan los protagonistas <\/span><\/p>\n<p style=\"text-align: justify;\">\n <\/p>\n<p style=\"text-align: justify;\"><span style=\"font-family: Arial,sans-serif;\">Ana Mar\u00eda Polanco de 52 a\u00f1os agradeci\u00f3 al Inces por esta oportunidad de validar sus conocimientos. \u201cGracias a Dios y a esta noble instituci\u00f3n, mis saberes en el \u00e1rea de Peluquer\u00eda fueron certificados y con validez internacional, \u201d acot\u00f3.<\/span><\/p>\n<p style=\"text-align: justify;\">\n <\/p>\n<p style=\"text-align: justify;\">\u201c<span style=\"font-family: Arial,sans-serif;\">Empec\u00e9 a coser a los ocho a\u00f1os con la m\u00e1quina de mi mam\u00e1. Yo aprend\u00ed a trav\u00e9s de la observaci\u00f3n. Este oficio me apasiona en conjunto con mi hacer profesional como educadora y abogada,\u201d exclam\u00f3 Emily Le\u00f3n.<\/span><\/p>\n<p style=\"text-align: justify;\">\n <\/p>\n<p style=\"text-align: justify;\"><span style=\"font-family: Arial,sans-serif;\">Para finalizar, Carol Morales de 25 a\u00f1os calific\u00f3 de excelente esta jornada porque a su juicio muy pocas personas \u201csaben que el Inces brinda este servicio. En mi caso, acredit\u00e9 mis saberes en el \u00e1rea de Ingl\u00e9s, administraci\u00f3n y contabilidad\u201d.<\/span><\/p>\n<p style=\"text-align: justify;\"><span style=\"font-family: Arial,sans-serif;\">Yudith Castro<\/span><\/p>\n<p style=\"text-align: justify;\">\n <\/p>\n<p style=\"text-align: justify;\">\n <\/p>\n","protected":false},"excerpt":{"rendered":"<p>** Esto es frutos del Plan 500 Certifica T\u00fa Saber, \u00a1la oportunidad de validar tus conocimientos!<\/p>\n","protected":false},"author":15,"featured_media":15329,"comment_status":"closed","ping_status":"closed","sticky":false,"template":"","format":"aside","meta":{"footnotes":""},"categories":[2],"tags":[],"class_list":["post-15328","post","type-post","status-publish","format-aside","has-post-thumbnail","hentry","category-blog","post_format-post-format-aside"],"_links":{"self":[{"href":"https:\/\/inces.gob.ve\/index.php\/wp-json\/wp\/v2\/posts\/15328","targetHints":{"allow":["GET"]}}],"collection":[{"href":"https:\/\/inces.gob.ve\/index.php\/wp-json\/wp\/v2\/posts"}],"about":[{"href":"https:\/\/inces.gob.ve\/index.php\/wp-json\/wp\/v2\/types\/post"}],"author":[{"embeddable":true,"href":"https:\/\/inces.gob.ve\/index.php\/wp-json\/wp\/v2\/users\/15"}],"replies":[{"embeddable":true,"href":"https:\/\/inces.gob.ve\/index.php\/wp-json\/wp\/v2\/comments?post=15328"}],"version-history":[{"count":1,"href":"https:\/\/inces.gob.ve\/index.php\/wp-json\/wp\/v2\/posts\/15328\/revisions"}],"predecessor-version":[{"id":34651,"href":"https:\/\/inces.gob.ve\/index.php\/wp-json\/wp\/v2\/posts\/15328\/revisions\/34651"}],"wp:featuredmedia":[{"embeddable":true,"href":"https:\/\/inces.gob.ve\/index.php\/wp-json\/"}],"wp:attachment":[{"href":"https:\/\/inces.gob.ve\/index.php\/wp-json\/wp\/v2\/media?parent=15328"}],"wp:term":[{"taxonomy":"category","embeddable":true,"href":"https:\/\/inces.gob.ve\/index.php\/wp-json\/wp\/v2\/categories?post=15328"},{"taxonomy":"post_tag","embeddable":true,"href":"https:\/\/inces.gob.ve\/index.php\/wp-json\/wp\/v2\/tags?post=15328"}],"curies":[{"name":"wp","href":"https:\/\/api.w.org\/{rel}","templated":true}]}}