{"id":15332,"date":"2018-05-24T08:02:32","date_gmt":"2018-05-24T14:02:32","guid":{"rendered":"http:\/\/www.inces.gob.ve\/?p=15332"},"modified":"2020-05-28T20:32:16","modified_gmt":"2020-05-29T00:32:16","slug":"consejo-comunal-medanal-se-sumo-los-procesos-formativos-del-inces","status":"publish","type":"post","link":"https:\/\/inces.gob.ve\/index.php\/2018\/05\/24\/consejo-comunal-medanal-se-sumo-los-procesos-formativos-del-inces\/","title":{"rendered":"Consejo comunal Medanal se sum\u00f3 a los procesos formativos del Inces"},"content":{"rendered":"<p class=\"western\" style=\"text-align: justify;\"><span style=\"font-family: Arial,sans-serif;\"><i><b>** Realizaron una demostraci\u00f3n de saberes durante la entrega de constancias de culminaci\u00f3n del curso: Panificaci\u00f3n Dom\u00e9stica<\/b><\/i><\/span><\/p>\n<p class=\"western\" style=\"text-align: justify;\">\n <!--more--><\/p>\n<p>&nbsp;<\/p>\n<p class=\"western\" style=\"text-align: justify;\"><span style=\"font-family: Arial,sans-serif;\"><b>Prensa Inces <\/b><b>(<\/b><b>Falc\u00f3n<\/b><b>)<\/b><b>.<\/b>&#8211; La creatividad, producci\u00f3n popular y el sabor fueron los protagonistas de la extraordinaria socializaci\u00f3n de saberes que realizaron los integrantes del Consejo Comunal (CC) Medanal del sector Las Eugenias en Coro, quienes de la mano del Instituto Nacional de Capacitaci\u00f3n y Educaci\u00f3n Socialista (Inces) demostraron una vez m\u00e1s que en la integraci\u00f3n y organizaci\u00f3n est\u00e1 la clave para alcanzar los prop\u00f3sitos que se tracen como poder popular organizado, en la b\u00fasqueda de soluciones a las necesidades m\u00e1s sentidas de las comunidades.<\/span><\/p>\n<p class=\"western\" style=\"text-align: justify;\">\u00a0<\/p>\n<p class=\"western\" style=\"text-align: justify;\"><span style=\"font-family: Arial,sans-serif;\">En esta oportunidad el CC Medanal, se vincul\u00f3 con los procesos formativos que ofrece la Divisi\u00f3n de Formaci\u00f3n Profesional a trav\u00e9s del Programa Turismo con el curso: Panificaci\u00f3n Dom\u00e9stica, el cual tuvo una duraci\u00f3n 186 horas y cont\u00f3 con veinte participantes, de all\u00ed 9 hombres y 21 mujeres aprendieron a realizar una gran variedad de panes, lo cual les permitir\u00e1 desarrollarse socioproductivamente. <\/span><\/p>\n<p>&nbsp;<\/p>\n<p class=\"western\" style=\"text-align: justify;\"><span style=\"font-family: Arial,sans-serif;\"><img loading=\"lazy\" decoding=\"async\" class=\"size-full wp-image-15335 aligncenter\" src=\"http:\/\/www.inces.gob.ve\/wp-content\/uploads\/2018\/05\/1procesos-formativos.jpg\" alt=\"\" width=\"800\" height=\"533\" \/><\/span><\/p>\n<p class=\"western\" style=\"text-align: justify;\">\u00a0<\/p>\n<p class=\"western\" style=\"text-align: justify;\"><span style=\"font-family: Arial,sans-serif;\">Herramientas necesarias para trabajar<\/span><\/p>\n<p class=\"western\" style=\"text-align: justify;\"><span style=\"font-family: Arial,sans-serif;\">Estim\u00f3 la se\u00f1ora \u00c1ngela Cohen, contralora social del CC, que fue una experiencia muy buena para la comunidad. \u201cUna gran oportunidad que uni\u00f3 a vecinos de las tres etapas que conforman la urbanizaci\u00f3n Las Eugenias y se logr\u00f3 gracias al Inces Falc\u00f3n\u201d. <\/span><\/p>\n<p class=\"western\" style=\"text-align: justify;\">\u00a0<\/p>\n<p class=\"western\" style=\"text-align: justify;\"><span style=\"font-family: Arial,sans-serif;\">Precis\u00f3 Cohen que las formaciones que ofrece el Inces en la regi\u00f3n son oportunidades para todas las comunidades y se deben tomar en cuenta para que ser productivos, \u201cjuntos todo es posible y podemos construir un porvenir y una mejor calidad de vida. Estamos motivados a realizar el trabajo productivo\u201d.<\/span><\/p>\n<p class=\"western\" style=\"text-align: justify;\">\u00a0<\/p>\n<p class=\"western\" style=\"text-align: justify;\"><span style=\"font-family: Arial,sans-serif;\"><span lang=\"es-VE\">Por su parte la participante Vicmelis Morales, consider\u00f3 que gracias a <\/span>la gu\u00eda y orientaci\u00f3n de la maestra t\u00e9cnica productiva (MTP)<span lang=\"es-VE\">, Dilia L\u00f3pez obtuvieron las herramientas necesarias para trabajar en la elaboraci\u00f3n del pan. Destac\u00f3 que uno de los resultados, muy positivo para el sector, fue la integraci\u00f3n de los tres sectores de la urbanizaci\u00f3n, \u201cdemostramos que con organizaci\u00f3n y responsabilidad, todo es posible. El Inces Falc\u00f3n nos dio esa gran oportunidad, creemos en el Inces y el Inces crey\u00f3 en nosotros y aqu\u00ed estamos demostrando que aprendimos a elaborar distintos tipos de panes\u201d.<\/span><\/span><\/p>\n<p>&nbsp;<\/p>\n<p class=\"western\" style=\"text-align: justify;\"><img loading=\"lazy\" decoding=\"async\" class=\"size-full wp-image-15333 aligncenter\" src=\"http:\/\/www.inces.gob.ve\/wp-content\/uploads\/2018\/05\/3procesos-formativos.jpg\" alt=\"\" width=\"800\" height=\"629\" \/><\/p>\n<p class=\"western\" style=\"text-align: justify;\"><span style=\"font-family: Arial,sans-serif;\">Finalmente, la gerente regional del Inces, Eneyda Mart\u00ednez Rodr\u00edguez, felicit\u00f3 a los participantes por los logros alcanzados durante el proceso formativo; resaltando Mart\u00ednez que a trav\u00e9s del ente rector de la formaci\u00f3n socialista, que preside Wuikelman \u00c1ngel Paredes, se tiene como prop\u00f3sito que las comunidades generen proyectos socioproductivos partiendo del conocimiento.<\/span><\/p>\n<p class=\"western\" style=\"text-align: justify;\">\u00a0<\/p>\n<p class=\"western\" style=\"text-align: justify;\"><span style=\"font-family: Arial,sans-serif;\">M\u00edriam Gonz\u00e1lez Villarroel<\/span><\/p>\n<p class=\"western\" style=\"text-align: justify;\">\u00a0<\/p>\n<p class=\"western\" style=\"text-align: justify;\">\u00a0<\/p>\n","protected":false},"excerpt":{"rendered":"<p>** Realizaron una demostraci\u00f3n de saberes durante la entrega de constancias de culminaci\u00f3n del curso: Panificaci\u00f3n Dom\u00e9stica<\/p>\n","protected":false},"author":15,"featured_media":15334,"comment_status":"closed","ping_status":"closed","sticky":false,"template":"","format":"aside","meta":{"footnotes":""},"categories":[2],"tags":[],"class_list":["post-15332","post","type-post","status-publish","format-aside","has-post-thumbnail","hentry","category-blog","post_format-post-format-aside"],"_links":{"self":[{"href":"https:\/\/inces.gob.ve\/index.php\/wp-json\/wp\/v2\/posts\/15332","targetHints":{"allow":["GET"]}}],"collection":[{"href":"https:\/\/inces.gob.ve\/index.php\/wp-json\/wp\/v2\/posts"}],"about":[{"href":"https:\/\/inces.gob.ve\/index.php\/wp-json\/wp\/v2\/types\/post"}],"author":[{"embeddable":true,"href":"https:\/\/inces.gob.ve\/index.php\/wp-json\/wp\/v2\/users\/15"}],"replies":[{"embeddable":true,"href":"https:\/\/inces.gob.ve\/index.php\/wp-json\/wp\/v2\/comments?post=15332"}],"version-history":[{"count":1,"href":"https:\/\/inces.gob.ve\/index.php\/wp-json\/wp\/v2\/posts\/15332\/revisions"}],"predecessor-version":[{"id":34650,"href":"https:\/\/inces.gob.ve\/index.php\/wp-json\/wp\/v2\/posts\/15332\/revisions\/34650"}],"wp:featuredmedia":[{"embeddable":true,"href":"https:\/\/inces.gob.ve\/index.php\/wp-json\/"}],"wp:attachment":[{"href":"https:\/\/inces.gob.ve\/index.php\/wp-json\/wp\/v2\/media?parent=15332"}],"wp:term":[{"taxonomy":"category","embeddable":true,"href":"https:\/\/inces.gob.ve\/index.php\/wp-json\/wp\/v2\/categories?post=15332"},{"taxonomy":"post_tag","embeddable":true,"href":"https:\/\/inces.gob.ve\/index.php\/wp-json\/wp\/v2\/tags?post=15332"}],"curies":[{"name":"wp","href":"https:\/\/api.w.org\/{rel}","templated":true}]}}