{"id":15359,"date":"2018-05-24T12:00:34","date_gmt":"2018-05-24T18:00:34","guid":{"rendered":"http:\/\/www.inces.gob.ve\/?p=15359"},"modified":"2020-05-28T20:33:27","modified_gmt":"2020-05-29T00:33:27","slug":"23-guias-turismo-se-sumaron-al-plan-500-certifica-saber","status":"publish","type":"post","link":"https:\/\/inces.gob.ve\/index.php\/2018\/05\/24\/23-guias-turismo-se-sumaron-al-plan-500-certifica-saber\/","title":{"rendered":"23 gu\u00edas de Turismo se sumaron al Plan 500 Certifica: T\u00fa Saber"},"content":{"rendered":"<p style=\"text-align: justify;\"><span style=\"font-family: Arial,sans-serif;\"><i><b>** Antes de ser acreditados recibir\u00e1n formaci\u00f3n complementaria en el Inces<\/b><\/i><\/span><\/p>\n<p style=\"text-align: justify;\">\n <!--more--><\/p>\n<p>&nbsp;<\/p>\n<p style=\"text-align: justify;\"><span style=\"font-family: Arial,sans-serif;\"><b>Prensa Inces <\/b><b>(<\/b><b>Zulia<\/b><b>)<\/b><b>.<\/b>&#8211; 23 zulianos participan en el Plan 500: Certifica T\u00fa Saber, desarrollado por el Instituto Nacional de Capacitaci\u00f3n y Educaci\u00f3n Socialista en el Zulia. Estos ciudadanos se han desempe\u00f1ado como gu\u00edas de Turismo y ahora podr\u00e1n acreditar sus saberes como inform\u00f3 B\u00e1rbara Molina, coordinadora del Programa de Turismo del Inces, durante el conversatorio realizado con los participantes en la sede administrativa de la instituci\u00f3n. <\/span><\/p>\n<p style=\"text-align: justify;\">\u00a0<\/p>\n<p style=\"text-align: justify;\"><span style=\"font-family: Arial,sans-serif;\">En el acto tambi\u00e9n estuvieron el gerente regional del Inces Zulia, Pedro Adarme, la gerente nacional de Instituto Nacional de Turismo (Inatur), Gina Cifuentes e Irama Salazar, coordinadora de la Unidad de Capacitaci\u00f3n de Inatur.<\/span><\/p>\n<p style=\"text-align: justify;\">\u00a0<\/p>\n<p style=\"text-align: justify;\">\u201c<span style=\"font-family: Arial,sans-serif;\">Antes de acreditar sus saberes reforzaremos sus conocimientos, por ello realizar\u00e1n el curso de primeros auxilios que efectuar\u00e1n en la Cruz Roja. Algunos han manifestado que ya se formaron en esa \u00e1rea, sin embargo, nosotros creemos que es pertinente asegurarnos que efectivamente lo hayan realizado. Posteriormente ellos participar\u00e1n en conversatorios donde ser\u00e1n evaluados sus conocimientos te\u00f3ricos y luego avanzaremos a la pr\u00e1ctica\u201d, asegur\u00f3 B\u00e1rbara Molina.<\/span><\/p>\n<p>&nbsp;<\/p>\n<p style=\"text-align: justify;\"><span style=\"font-family: Arial,sans-serif;\"><img loading=\"lazy\" decoding=\"async\" class=\"size-full wp-image-15361 aligncenter\" src=\"http:\/\/www.inces.gob.ve\/wp-content\/uploads\/2018\/05\/1Saber-.jpg\" alt=\"\" width=\"850\" height=\"478\" \/><\/span><\/p>\n<p style=\"text-align: justify;\">\u00a0<\/p>\n<p style=\"text-align: justify;\"><span style=\"font-family: Arial,sans-serif;\">Un gu\u00eda de turismo lo podemos definir como el embajador de la cultura de un pa\u00eds que proporciona informaci\u00f3n sobre el patrimonio tur\u00edstico y cultural, por ello es de gran importancia que la persona acreditada cumpla con todo los requisitos para ser certificados, se\u00f1al\u00f3.<\/span><\/p>\n<p style=\"text-align: justify;\">\u00a0<\/p>\n<p style=\"text-align: justify;\"><span style=\"font-family: Arial,sans-serif;\">Turismo terape\u00fatico<\/span><\/p>\n<p style=\"text-align: justify;\">\u00a0<\/p>\n<p style=\"text-align: justify;\"><span style=\"font-family: Arial,sans-serif;\">Yovana Villalobos, psic\u00f3loga de 27 a\u00f1os, acreditar\u00e1 su saber como gu\u00eda de Turismo, \u00e1rea en la cual tiene experiencia \u201cy tiene un proyecto al cual ha denominado, Turismo Terap\u00e9utico. Una de las formas menos utilizada en nuestro pa\u00eds y creo que es una gran oportunidad para m\u00ed y para mi profesi\u00f3n.\u201d<\/span><\/p>\n<p style=\"text-align: justify;\">\u00a0<\/p>\n<p style=\"text-align: justify;\"><span style=\"font-family: Arial,sans-serif;\">Con gran emoci\u00f3n, Rom\u00e1n Jos\u00e9 Torres, de 29 a\u00f1os, expres\u00f3 que: \u201cgracias al Inces podr\u00e9 acreditar mis saberes como gu\u00eda de Turismo de Naturaleza, para mi esto es una gran oportunidad que me permitir\u00e1 alcanzar nuevas metas.\u201d<\/span><\/p>\n<p style=\"text-align: justify;\">\u00a0<\/p>\n<p style=\"text-align: justify;\"><span style=\"font-family: Arial,sans-serif;\">Yudith Castro<\/span><\/p>\n","protected":false},"excerpt":{"rendered":"<p>** Antes de ser acreditados recibir\u00e1n formaci\u00f3n complementaria en el Inces<\/p>\n","protected":false},"author":15,"featured_media":15360,"comment_status":"closed","ping_status":"closed","sticky":false,"template":"","format":"aside","meta":{"footnotes":""},"categories":[2],"tags":[],"class_list":["post-15359","post","type-post","status-publish","format-aside","has-post-thumbnail","hentry","category-blog","post_format-post-format-aside"],"_links":{"self":[{"href":"https:\/\/inces.gob.ve\/index.php\/wp-json\/wp\/v2\/posts\/15359","targetHints":{"allow":["GET"]}}],"collection":[{"href":"https:\/\/inces.gob.ve\/index.php\/wp-json\/wp\/v2\/posts"}],"about":[{"href":"https:\/\/inces.gob.ve\/index.php\/wp-json\/wp\/v2\/types\/post"}],"author":[{"embeddable":true,"href":"https:\/\/inces.gob.ve\/index.php\/wp-json\/wp\/v2\/users\/15"}],"replies":[{"embeddable":true,"href":"https:\/\/inces.gob.ve\/index.php\/wp-json\/wp\/v2\/comments?post=15359"}],"version-history":[{"count":1,"href":"https:\/\/inces.gob.ve\/index.php\/wp-json\/wp\/v2\/posts\/15359\/revisions"}],"predecessor-version":[{"id":34646,"href":"https:\/\/inces.gob.ve\/index.php\/wp-json\/wp\/v2\/posts\/15359\/revisions\/34646"}],"wp:featuredmedia":[{"embeddable":true,"href":"https:\/\/inces.gob.ve\/index.php\/wp-json\/"}],"wp:attachment":[{"href":"https:\/\/inces.gob.ve\/index.php\/wp-json\/wp\/v2\/media?parent=15359"}],"wp:term":[{"taxonomy":"category","embeddable":true,"href":"https:\/\/inces.gob.ve\/index.php\/wp-json\/wp\/v2\/categories?post=15359"},{"taxonomy":"post_tag","embeddable":true,"href":"https:\/\/inces.gob.ve\/index.php\/wp-json\/wp\/v2\/tags?post=15359"}],"curies":[{"name":"wp","href":"https:\/\/api.w.org\/{rel}","templated":true}]}}