{"id":15387,"date":"2018-05-24T14:17:49","date_gmt":"2018-05-24T20:17:49","guid":{"rendered":"http:\/\/www.inces.gob.ve\/?p=15387"},"modified":"2020-05-28T20:32:16","modified_gmt":"2020-05-29T00:32:16","slug":"cultura-recreacion-participacion-comunal-somos-inces","status":"publish","type":"post","link":"https:\/\/inces.gob.ve\/index.php\/2018\/05\/24\/cultura-recreacion-participacion-comunal-somos-inces\/","title":{"rendered":"Cultura, recreaci\u00f3n y participaci\u00f3n comunal en Somos Inces"},"content":{"rendered":"<p style=\"text-align: justify;\"><span style=\"font-family: Arial,sans-serif;\"><i><b>**Gaspar Blanco es el responsable de la interacci\u00f3n cultural y socioproductiva del Inces con las comunidades del punto y c\u00edrculo <\/b><\/i><\/span><\/p>\n<p style=\"text-align: justify;\">\n <!--more--><\/p>\n<p>&nbsp;<\/p>\n<p style=\"text-align: justify;\" align=\"justify\"><a name=\"more-8367\"><\/a><span style=\"font-family: Arial,sans-serif;\"><b>Prensa Inces (sede).-<\/b><\/span> <strong><span style=\"font-family: Arial,sans-serif;\">El Inces en la comunidad<\/span><\/strong><span style=\"font-family: Arial,sans-serif;\"> fue el tema que esta vez present\u00f3 el programa radial Somos Inces, producci\u00f3n que se transmite por Radio Miraflores 95.9 FM., bajo la conducci\u00f3n de Genail Salinas y <\/span><strong><span style=\"font-family: Arial,sans-serif;\">Wuikelman Ange<\/span><\/strong><span style=\"font-family: Arial,sans-serif;\">l, programa donde estuvo como invitado especial <\/span><strong><span style=\"font-family: Arial,sans-serif;\">Gaspar Blanco, gerente general de Cultura,<\/span><\/strong><span style=\"font-family: Arial,sans-serif;\"> Deporte, Recreaci\u00f3n y Participaci\u00f3n Comunal y principal impulsor de la relaci\u00f3n de las comunidades del <\/span><strong><span style=\"font-family: Arial,sans-serif;\">punto y c\u00edrculo<\/span><\/strong><span style=\"font-family: Arial,sans-serif;\"> con la instituci\u00f3n.<\/span><\/p>\n<p style=\"text-align: justify;\" align=\"justify\">\u00a0<\/p>\n<p style=\"text-align: justify;\" align=\"justify\"><span style=\"font-family: Arial,sans-serif;\">Gaspar Blanco es el responsable de la interacci\u00f3n cultural y socioproductiva del Inces con las comunidades de las parroquias <\/span><strong><span style=\"font-family: Arial,sans-serif;\">El Valle, Coche, Cementerio, Prado de Mar\u00eda, El Para\u00edso, La Vega y San Pedro;<\/span><\/strong><span style=\"font-family: Arial,sans-serif;\"> comunidades organizadas en colectivos de mujeres, j\u00f3venes, agrupaciones culturales, trabajadores, deportistas y <\/span><strong><span style=\"font-family: Arial,sans-serif;\">consejos comunales<\/span><\/strong><span style=\"font-family: Arial,sans-serif;\">.<\/span><\/p>\n<p style=\"text-align: justify;\" align=\"justify\">\u00a0<\/p>\n<p style=\"text-align: justify;\" align=\"justify\"><span style=\"font-family: Arial,sans-serif;\">En el programa se hizo una menci\u00f3n recordatoria a la primera emisi\u00f3n de Al\u00f3 Presidente, un programa radial conducido por el presidente Hugo Ch\u00e1vez Fr\u00edas transmitido por primera un 23 de mayo de 1999 desde RNV.\u00a0 <\/span><\/p>\n<p style=\"text-align: justify;\" align=\"justify\">\u00a0<\/p>\n<p style=\"text-align: justify;\" align=\"justify\"><span style=\"font-family: Arial,sans-serif;\"><img loading=\"lazy\" decoding=\"async\" class=\"size-full wp-image-15356 aligncenter\" src=\"http:\/\/www.inces.gob.ve\/wp-content\/uploads\/2018\/05\/1Somos-Inces.jpeg\" alt=\"\" width=\"850\" height=\"638\" \/><\/span><\/p>\n<p style=\"text-align: justify;\"><span style=\"font-family: Arial,sans-serif;\">A su vez, Wuikelman Angel habl\u00f3 sobre la<\/span><strong><span style=\"font-family: Arial,sans-serif;\"> jornada electoral<\/span><\/strong><span style=\"font-family: Arial,sans-serif;\"> del domingo 20 de mayo donde el pueblo venezolano reeligi\u00f3 al presidente Nicol\u00e1s Maduro con m\u00e1s del 60% de los votos emitidos, en una jornada considerada como \u00e9pica, dado los niveles de asedio con que fuerzas externas han sometido a la poblaci\u00f3n venezolana, desde que potencias como Estados Unidos decidieron derrocar al chavismo del poder pol\u00edtico con estrategias de <\/span><strong><span style=\"font-family: Arial,sans-serif;\">guerra econ\u00f3mica<\/span><\/strong><span style=\"font-family: Arial,sans-serif;\">, sanciones ilegales, ataques a las institucionalidad de la Rep\u00fablica, entre otras acciones de sabotaje. <\/span><\/p>\n<p style=\"text-align: justify;\">\u00a0<\/p>\n<p style=\"text-align: justify;\" align=\"justify\"><span style=\"font-family: Arial,sans-serif;\">Angel coment\u00f3 que, a pesar del ensa\u00f1amiento de algunos gobiernos derechistas de la regi\u00f3n contra el pa\u00eds, y contra el propio proceso electoral, fue una jornada victoriosa donde el pueblo venezolano sali\u00f3 a manifestar su voluntad en las mesas electorales. <\/span><\/p>\n<p style=\"text-align: justify;\" align=\"justify\">\u00a0<\/p>\n<p style=\"text-align: justify;\" align=\"justify\"><span style=\"font-family: Arial,sans-serif;\">Asimismo, el <\/span><strong><span style=\"font-family: Arial,sans-serif;\">presidente del Inces<\/span><\/strong><span style=\"font-family: Arial,sans-serif;\"> mencion\u00f3 que luego de estas elecciones hay que <\/span><em><span style=\"font-family: Arial,sans-serif;\">abocarse<\/span><\/em><span style=\"font-family: Arial,sans-serif;\"> a trabajar y a producir para as\u00ed contribuir en la activaci\u00f3n del llamado del presidente Maduro, en funci\u00f3n de las propuestas que sean necesarias para construir una econom\u00eda diversificada y productiva. <\/span><\/p>\n<p style=\"text-align: justify;\" align=\"justify\">\u00a0<\/p>\n<p style=\"text-align: justify;\" align=\"justify\"><span style=\"font-family: Arial,sans-serif;\">Ya en los temas de la interacci\u00f3n cultural entre el Inces y las comunidades, <\/span><strong><span style=\"font-family: Arial,sans-serif;\">Gaspar Blanco<\/span><\/strong><span style=\"font-family: Arial,sans-serif;\"> dijo que la instituci\u00f3n atiende seis parroquias caraque\u00f1as: San Pedro, El Para\u00edso, Coche, El Valle, Santa Rosal\u00eda y La Vega, comunidades donde, a trav\u00e9s de acuerdos, se ofrecen cursos, certificaci\u00f3n de saberes, encuentros culturales, talleres y actividades recreativas. <\/span><\/p>\n<p style=\"text-align: justify;\" align=\"justify\">\u00a0<\/p>\n<p style=\"text-align: justify;\" align=\"justify\"><span style=\"font-family: Arial,sans-serif;\">Gaspar manifest\u00f3 que la importancia del Inces en las comunidades es precisamente atender a los ciudadanos en su propio entorno de vida, de manera que este no se desplace hasta los centros formativos. <\/span><\/p>\n<p style=\"text-align: justify;\" align=\"justify\">\u00a0<\/p>\n<p style=\"text-align: justify;\" align=\"justify\"><span style=\"font-family: Arial,sans-serif;\">El gestor cultural del Inces anunci\u00f3 que en en este momento se est\u00e1 construyendo una red sociocultural que involucra a los trabajadores activos, colectivos organizados y consejos comunales para enlazar las pol\u00edticas culturales en estos sectores mencionados.<\/span><\/p>\n<p style=\"text-align: justify;\" align=\"justify\">\u00a0<\/p>\n<p style=\"text-align: justify;\" align=\"justify\"><span style=\"font-family: Arial,sans-serif;\">En ese mismo sentido Gaspar tambi\u00e9n anunci\u00f3 la reactivaci\u00f3n de un convenio entre la gerencia que dirige e instituciones culturales como <\/span><strong><span style=\"font-family: Arial,sans-serif;\">Fundarte<\/span><\/strong><span style=\"font-family: Arial,sans-serif;\"> y <\/span><strong><span style=\"font-family: Arial,sans-serif;\">Fundamusical<\/span><\/strong><span style=\"font-family: Arial,sans-serif;\"> para la promoci\u00f3n de talleres, presentaci\u00f3n de grupos musicales, encuentros formativos y de certificaci\u00f3n de saberes.<\/span><\/p>\n<p style=\"text-align: justify;\" align=\"justify\">\u00a0<\/p>\n<p style=\"text-align: justify;\" align=\"justify\">\u201c<span style=\"font-family: Arial,sans-serif;\">La relaci\u00f3n con estas instituciones ha dado importantes frutos, pero queremos profundizarla a fin de llevar los n\u00facleos de la Orquesta Sim\u00f3n Bol\u00edvar a las parroquias caraque\u00f1as\u201d. <\/span><\/p>\n<p style=\"text-align: justify;\" align=\"justify\">\u00a0<\/p>\n<p style=\"text-align: justify;\" align=\"justify\"><span style=\"font-family: Arial,sans-serif;\">A una pregunta de los conductores de Somos Inces, Gaspar adelant\u00f3 que para este segundo semestre, el Inces saldr\u00e1 a la calle con la OAC, la Juventud Productiva y Mujeres Productivas a fin de acreditar saberes, conjuntamente con propuestas de formaci\u00f3n y de acciones productivas. <\/span><\/p>\n<p style=\"text-align: justify;\" align=\"justify\">\u00a0<\/p>\n<p style=\"text-align: justify;\" align=\"justify\"><strong><span style=\"font-family: Arial,sans-serif;\">T\/ Freddy Mart\u00ednez<\/span><\/strong><\/p>\n<p style=\"text-align: justify;\">\u00a0<\/p>\n","protected":false},"excerpt":{"rendered":"<p>**Gaspar Blanco es el responsable de la interacci\u00f3n cultural y socioproductiva del Inces con las comunidades del punto y c\u00edrculo<\/p>\n","protected":false},"author":15,"featured_media":15355,"comment_status":"closed","ping_status":"closed","sticky":false,"template":"","format":"aside","meta":{"footnotes":""},"categories":[2],"tags":[],"class_list":["post-15387","post","type-post","status-publish","format-aside","has-post-thumbnail","hentry","category-blog","post_format-post-format-aside"],"_links":{"self":[{"href":"https:\/\/inces.gob.ve\/index.php\/wp-json\/wp\/v2\/posts\/15387","targetHints":{"allow":["GET"]}}],"collection":[{"href":"https:\/\/inces.gob.ve\/index.php\/wp-json\/wp\/v2\/posts"}],"about":[{"href":"https:\/\/inces.gob.ve\/index.php\/wp-json\/wp\/v2\/types\/post"}],"author":[{"embeddable":true,"href":"https:\/\/inces.gob.ve\/index.php\/wp-json\/wp\/v2\/users\/15"}],"replies":[{"embeddable":true,"href":"https:\/\/inces.gob.ve\/index.php\/wp-json\/wp\/v2\/comments?post=15387"}],"version-history":[{"count":1,"href":"https:\/\/inces.gob.ve\/index.php\/wp-json\/wp\/v2\/posts\/15387\/revisions"}],"predecessor-version":[{"id":34642,"href":"https:\/\/inces.gob.ve\/index.php\/wp-json\/wp\/v2\/posts\/15387\/revisions\/34642"}],"wp:featuredmedia":[{"embeddable":true,"href":"https:\/\/inces.gob.ve\/index.php\/wp-json\/"}],"wp:attachment":[{"href":"https:\/\/inces.gob.ve\/index.php\/wp-json\/wp\/v2\/media?parent=15387"}],"wp:term":[{"taxonomy":"category","embeddable":true,"href":"https:\/\/inces.gob.ve\/index.php\/wp-json\/wp\/v2\/categories?post=15387"},{"taxonomy":"post_tag","embeddable":true,"href":"https:\/\/inces.gob.ve\/index.php\/wp-json\/wp\/v2\/tags?post=15387"}],"curies":[{"name":"wp","href":"https:\/\/api.w.org\/{rel}","templated":true}]}}