{"id":15390,"date":"2018-05-25T07:48:45","date_gmt":"2018-05-25T13:48:45","guid":{"rendered":"http:\/\/www.inces.gob.ve\/?p=15390"},"modified":"2020-05-28T20:32:16","modified_gmt":"2020-05-29T00:32:16","slug":"inces-carabobo-realiza-labor-social","status":"publish","type":"post","link":"https:\/\/inces.gob.ve\/index.php\/2018\/05\/25\/inces-carabobo-realiza-labor-social\/","title":{"rendered":"Inces Carabobo realiza labor social"},"content":{"rendered":"<p class=\"western\" style=\"text-align: justify;\"><i><b>** Los beneficiados fueron los privados de libertad en la policia municipal de San Diego<\/b><\/i><\/p>\n<p class=\"western\" style=\"text-align: justify;\">\n <!--more--><\/p>\n<p>&nbsp;<\/p>\n<p class=\"western\" style=\"text-align: justify;\">Carabobo.- El Inces Carabobo realiz\u00f3 labor social con cortes de pelo o <b>barber\u00eda<\/b> a quince personas <b>privadas de libertad<\/b>, quienes se encontraban en estado de confinamiento en la polic\u00eda municipal de San Diego, luego de dictarse una resoluci\u00f3n emanada por el Tribunal Supremo de Justicia y entregada a la circunscripci\u00f3n judicial de la regi\u00f3n, para darle un mejor tratamiento a los reos.<\/p>\n<p>&nbsp;<\/p>\n<p class=\"western\" style=\"text-align: justify;\">As\u00ed lo dio a conocer <b>Jos\u00e9 Ram\u00f3n P\u00e9rez <\/b>responsable del Programa Penitenciario en el Inces, regi\u00f3n Carabobo , quien explic\u00f3 que en el marco del acuerdo suscrito con el circuito penal del estado Carabobo, el centro de formaci\u00f3n socialista (CFS) \u201cSim\u00f3n Rodr\u00edguez\u201d y el <b>programa Luisa C\u00e1ceres de Arismendi, <\/b>en conjunto con la coordinadora del programa de \u201cPeluquer\u00eda y Barber\u00eda\u201d, Dorado Silva, se procedi\u00f3 a darle atenci\u00f3n a los hoy privados de libertad, quienes est\u00e1n en diferentes recintos en la entidad, muchos de los cuales tienen retardo procesal o abandono de sus familiares; as\u00ed como otros padecimiento de enfermedades, entre ellas sida y tuberculosis.<\/p>\n<p>&nbsp;<\/p>\n<p class=\"western\" style=\"text-align: justify;\"><img loading=\"lazy\" decoding=\"async\" class=\"size-full wp-image-15393 aligncenter\" src=\"http:\/\/www.inces.gob.ve\/wp-content\/uploads\/2018\/05\/1rivados-de-libertad.jpg\" alt=\"\" width=\"850\" height=\"638\" \/><\/p>\n<p>&nbsp;<\/p>\n<p class=\"western\" style=\"text-align: justify;\">Con la t\u00e9cnica de peine, tijera y m\u00e1quina el\u00e9ctrica, un grupo de personas que realizan cursos de barber\u00eda atendi\u00f3 a los privados de libertad, haciendo labor social mientras aprend\u00edan el oficio de la Barber\u00eda.<\/p>\n<p>&nbsp;<\/p>\n<p class=\"western\" style=\"text-align: justify;\"><img loading=\"lazy\" decoding=\"async\" class=\"size-full wp-image-15391 aligncenter\" src=\"http:\/\/www.inces.gob.ve\/wp-content\/uploads\/2018\/05\/5rivados-de-libertad.jpg\" alt=\"\" width=\"850\" height=\"555\" \/><\/p>\n<p class=\"western\" style=\"text-align: justify;\">\n <\/p>\n<p class=\"western\" style=\"text-align: justify;\">T\/ Enrique Paredes<\/p>\n<p class=\"western\" style=\"text-align: justify;\">\n <\/p>\n","protected":false},"excerpt":{"rendered":"<p>** Los beneficiados fueron los privados de libertad en la policia municipal de San Diego<\/p>\n","protected":false},"author":15,"featured_media":15392,"comment_status":"closed","ping_status":"closed","sticky":false,"template":"","format":"aside","meta":{"footnotes":""},"categories":[2],"tags":[],"class_list":["post-15390","post","type-post","status-publish","format-aside","has-post-thumbnail","hentry","category-blog","post_format-post-format-aside"],"_links":{"self":[{"href":"https:\/\/inces.gob.ve\/index.php\/wp-json\/wp\/v2\/posts\/15390","targetHints":{"allow":["GET"]}}],"collection":[{"href":"https:\/\/inces.gob.ve\/index.php\/wp-json\/wp\/v2\/posts"}],"about":[{"href":"https:\/\/inces.gob.ve\/index.php\/wp-json\/wp\/v2\/types\/post"}],"author":[{"embeddable":true,"href":"https:\/\/inces.gob.ve\/index.php\/wp-json\/wp\/v2\/users\/15"}],"replies":[{"embeddable":true,"href":"https:\/\/inces.gob.ve\/index.php\/wp-json\/wp\/v2\/comments?post=15390"}],"version-history":[{"count":1,"href":"https:\/\/inces.gob.ve\/index.php\/wp-json\/wp\/v2\/posts\/15390\/revisions"}],"predecessor-version":[{"id":34641,"href":"https:\/\/inces.gob.ve\/index.php\/wp-json\/wp\/v2\/posts\/15390\/revisions\/34641"}],"wp:featuredmedia":[{"embeddable":true,"href":"https:\/\/inces.gob.ve\/index.php\/wp-json\/"}],"wp:attachment":[{"href":"https:\/\/inces.gob.ve\/index.php\/wp-json\/wp\/v2\/media?parent=15390"}],"wp:term":[{"taxonomy":"category","embeddable":true,"href":"https:\/\/inces.gob.ve\/index.php\/wp-json\/wp\/v2\/categories?post=15390"},{"taxonomy":"post_tag","embeddable":true,"href":"https:\/\/inces.gob.ve\/index.php\/wp-json\/wp\/v2\/tags?post=15390"}],"curies":[{"name":"wp","href":"https:\/\/api.w.org\/{rel}","templated":true}]}}