{"id":15437,"date":"2018-05-28T12:41:59","date_gmt":"2018-05-28T18:41:59","guid":{"rendered":"http:\/\/www.inces.gob.ve\/?p=15437"},"modified":"2020-05-28T20:32:15","modified_gmt":"2020-05-29T00:32:15","slug":"fogade-solicita-al-inces-formacion-liquidadores-bancarios","status":"publish","type":"post","link":"https:\/\/inces.gob.ve\/index.php\/2018\/05\/28\/fogade-solicita-al-inces-formacion-liquidadores-bancarios\/","title":{"rendered":"Fogade solicita al Inces formaci\u00f3n de Liquidadores Bancarios"},"content":{"rendered":"<p style=\"text-align: justify;\"><span style=\"font-family: Arial,sans-serif;\"><i><b>** El Instituto de inmediato activ\u00f3 sus t\u00e9cnicos para darle celeridad a esta solicitud, tomando en cuenta que debe construirse el Pfap<\/b><\/i><\/span><\/p>\n<p style=\"text-align: justify;\">\u00a0<\/p>\n<p style=\"text-align: justify;\"><!--more--><\/p>\n<p style=\"text-align: justify;\" align=\"justify\">\u00a0<\/p>\n<p style=\"text-align: justify;\" align=\"justify\"><span style=\"font-family: Arial,sans-serif;\"><span style=\"font-size: large;\">Para este martes 29 de mayo est\u00e1 prevista la instalaci\u00f3n de la Mesa de Desarrollo Curricular permanente de cara a la construcci\u00f3n de la Unidad Curricular: <b>Liquidador Bancario<\/b>, iniciativa donde participan la Gerencia General de Formaci\u00f3n Profesional a trav\u00e9s de Tecnol\u00f3g\u00eda Educativa y de la unidad de Acci\u00f3n Delegada.<\/span><\/span><\/p>\n<p style=\"text-align: justify;\" align=\"justify\">\u00a0<\/p>\n<p style=\"text-align: justify;\" align=\"justify\"><span style=\"font-family: Arial,sans-serif;\"><span style=\"font-size: large;\"><img loading=\"lazy\" decoding=\"async\" class=\"size-full wp-image-15438 aligncenter\" src=\"http:\/\/www.inces.gob.ve\/wp-content\/uploads\/2018\/05\/5-formaci\u00f3n.jpg\" alt=\"\" width=\"850\" height=\"638\" \/><\/span><\/span><\/p>\n<p style=\"text-align: justify;\" align=\"justify\">\u00a0<\/p>\n<p style=\"text-align: justify;\" align=\"justify\"><span style=\"font-family: Arial,sans-serif;\"><span style=\"font-size: large;\">Ello como respuesta inmediata a una solicitud propuesta por el Fondo de Protecci\u00f3n Social de los Dep\u00f3sitos Bancarios (Fogade) al Instituto Nacional de Capacitaci\u00f3n y Educaci\u00f3n Socialista (Inces) dirigida a solventar la necesidad de personal especializado en diversas tareas inherentes a la instituci\u00f3n. Recordemos que en d\u00edas recientes ocurri\u00f3 un encuentro entre personal de ambas organizaciones que abord\u00f3 de manera puntual el desarrollo de esta nueva Unidad Curricular que prontamente brindar\u00e1 ventajas que se traducir\u00e1n en soluciones y mayor eficiencia en esta reconocida instituci\u00f3n oficial.<\/span><\/span><\/p>\n<p style=\"text-align: justify;\" align=\"justify\">\u00a0<\/p>\n<p style=\"text-align: justify;\" align=\"justify\"><span style=\"font-family: Arial,sans-serif;\"><span style=\"font-size: large;\"><img loading=\"lazy\" decoding=\"async\" class=\"size-full wp-image-15439 aligncenter\" src=\"http:\/\/www.inces.gob.ve\/wp-content\/uploads\/2018\/05\/3-formaci\u00f3n.jpg\" alt=\"\" width=\"850\" height=\"638\" \/><\/span><\/span><\/p>\n<p style=\"text-align: justify;\" align=\"justify\">\u00a0<\/p>\n<p style=\"text-align: justify;\" align=\"justify\"><span style=\"font-family: Arial,sans-serif;\"><span style=\"font-size: large;\">En principio se levantar\u00e1, como siempre en estos casos, los datos necesario para la construcci\u00f3n del perfil productivo y se avisora que las futuras formaciones estar\u00e1n dirigidas en un principio a personal de Fogade y sucesivamente se ir\u00e1n incorporando sus aprendices Inces.<\/span><\/span><\/p>\n<p style=\"text-align: justify;\" align=\"justify\">\u00a0<\/p>\n<p style=\"text-align: justify;\" align=\"justify\"><span style=\"font-family: Arial,sans-serif;\"><span style=\"font-size: large;\"><img loading=\"lazy\" decoding=\"async\" class=\"size-full wp-image-15440 aligncenter\" src=\"http:\/\/www.inces.gob.ve\/wp-content\/uploads\/2018\/05\/2-formaci\u00f3n.jpg\" alt=\"\" width=\"850\" height=\"638\" \/><\/span><\/span><\/p>\n<p style=\"text-align: justify;\" align=\"justify\">\u00a0<\/p>\n<p style=\"text-align: justify;\" align=\"justify\"><span style=\"font-family: Arial,sans-serif;\"><span style=\"font-size: large;\">Ivaldo Rodr\u00edguez<\/span><\/span><\/p>\n","protected":false},"excerpt":{"rendered":"<p>** El Instituto de inmediato activ\u00f3 sus t\u00e9cnicos para darle celeridad a esta solicitud, tomando en cuenta que debe construirse el Pfap \u00a0<\/p>\n","protected":false},"author":15,"featured_media":15441,"comment_status":"closed","ping_status":"closed","sticky":false,"template":"","format":"aside","meta":{"footnotes":""},"categories":[2],"tags":[],"class_list":["post-15437","post","type-post","status-publish","format-aside","has-post-thumbnail","hentry","category-blog","post_format-post-format-aside"],"_links":{"self":[{"href":"https:\/\/inces.gob.ve\/index.php\/wp-json\/wp\/v2\/posts\/15437","targetHints":{"allow":["GET"]}}],"collection":[{"href":"https:\/\/inces.gob.ve\/index.php\/wp-json\/wp\/v2\/posts"}],"about":[{"href":"https:\/\/inces.gob.ve\/index.php\/wp-json\/wp\/v2\/types\/post"}],"author":[{"embeddable":true,"href":"https:\/\/inces.gob.ve\/index.php\/wp-json\/wp\/v2\/users\/15"}],"replies":[{"embeddable":true,"href":"https:\/\/inces.gob.ve\/index.php\/wp-json\/wp\/v2\/comments?post=15437"}],"version-history":[{"count":1,"href":"https:\/\/inces.gob.ve\/index.php\/wp-json\/wp\/v2\/posts\/15437\/revisions"}],"predecessor-version":[{"id":34634,"href":"https:\/\/inces.gob.ve\/index.php\/wp-json\/wp\/v2\/posts\/15437\/revisions\/34634"}],"wp:featuredmedia":[{"embeddable":true,"href":"https:\/\/inces.gob.ve\/index.php\/wp-json\/"}],"wp:attachment":[{"href":"https:\/\/inces.gob.ve\/index.php\/wp-json\/wp\/v2\/media?parent=15437"}],"wp:term":[{"taxonomy":"category","embeddable":true,"href":"https:\/\/inces.gob.ve\/index.php\/wp-json\/wp\/v2\/categories?post=15437"},{"taxonomy":"post_tag","embeddable":true,"href":"https:\/\/inces.gob.ve\/index.php\/wp-json\/wp\/v2\/tags?post=15437"}],"curies":[{"name":"wp","href":"https:\/\/api.w.org\/{rel}","templated":true}]}}