{"id":15463,"date":"2018-05-29T08:55:59","date_gmt":"2018-05-29T14:55:59","guid":{"rendered":"http:\/\/www.inces.gob.ve\/?p=15463"},"modified":"2020-05-28T20:33:26","modified_gmt":"2020-05-29T00:33:26","slug":"15463","status":"publish","type":"post","link":"https:\/\/inces.gob.ve\/index.php\/2018\/05\/29\/15463\/","title":{"rendered":"131 trabajadores se forman como bachilleres productivos en Inces Aragua"},"content":{"rendered":"<p style=\"text-align: justify;\"><i><b>Las personas interesadas en estudiar bachillerato pueden inscribirse de manera gratuita para iniciar el curso introductorio en agosto<\/b><\/i><\/p>\n<p style=\"text-align: justify;\">\n <!--more--><\/p>\n<p>&nbsp;<\/p>\n<p style=\"text-align: justify;\"><b>Aragua.- <\/b>A trav\u00e9s del Inces, regi\u00f3n Aragua, se forma al <b>Bachiller con perfil Productivo<\/b>, desde el Centro de Formaci\u00f3n Socialista (CFS) Comercial Maracay y en las entidades de trabajo interesadas.<\/p>\n<p style=\"text-align: justify;\">\u00a0<\/p>\n<p style=\"text-align: justify;\">El coordinador de la Unidad Educativa (U.E) Inces, Sim\u00f3n Asdrubal Navarro, se\u00f1al\u00f3 que en esta tercera oleada <b>131 personas se inscribieron<\/b> para culminar sus estudios de bachillerato, pero agreg\u00e1ndole el componente productivo, pues la mayor\u00eda de los estudiantes realizan una actividad productiva dentro de la <b>entidad de trabajo<\/b>, unidad familiar o empresa socialista.<\/p>\n<p style=\"text-align: justify;\">\u00a0<\/p>\n<p style=\"text-align: justify;\">Resalt\u00f3 que el m\u00e9todo de aprendizaje y estudio de los y las participantes es individual, debido a que depende de c\u00f3mo cada estudiante comprende los temas a analizar en las clases y relacionar estos, con el ambiente de trabajo y su vida cotidiana.<\/p>\n<p style=\"text-align: justify;\">\u00a0<\/p>\n<p style=\"text-align: justify;\">Los estudiantes provenientes de las empresas Bianvesa, Reveex, Macuto, Hidroneum\u00e1ticos, Moore, Indaeca, Hotel Galeria y Aerosoles Qu\u00edmicos, adem\u00e1s de las instituciones, <b>g<\/b><b>obernaci\u00f3n de Aragua <\/b>e Inces regional, arrancaron sus estudios en marzo, quienes desde entonces debaten temas sobre historia, idiomas y del motor Agroalimentario, entre otros t\u00f3picos.<\/p>\n<p style=\"text-align: justify;\">\u00a0<\/p>\n<p style=\"text-align: justify;\">Navarro indic\u00f3 que durante el componente b\u00e1sico: Lengua, Cultura y Comunicaci\u00f3n, Matem\u00e1tica, Ciencias Naturales, Memoria, Territorio y Ciudadan\u00eda; as\u00ed como, el componente de Idiomas, el Proyecto Integral Comunitario (PIC) y el componente Laboral. Aprovech\u00f3 la oportunidad para informar que <b>las personas interesadas puede inscribirse de manera gratuita para iniciar el curso introductorio en agosto.<\/b><\/p>\n<p style=\"text-align: justify;\">\u00a0<\/p>\n<p style=\"text-align: justify;\">Para ello, deben consignar en las oficinas de la U.E Inces (ubicada en La Romana), copia de: c\u00e9dula de identidad, partida de nacimiento, notas certificadas, certificaci\u00f3n de aprobaci\u00f3n de sexto grado o hasta el grado que haya cursado, adem\u00e1s, en original, la constancia de trabajo y la descripci\u00f3n del cargo que desempe\u00f1a.<\/p>\n<p style=\"text-align: justify;\">\u00a0<\/p>\n<p style=\"text-align: justify;\">El coordinador explic\u00f3 que en el caso de no ser trabajador o trabajadora formal, el Inces efect\u00faa un estudio m\u00e1s minusioso para tomar las acciones pertinenetes a las necesidades y saberes observados; sin embargo, a trav\u00e9s de cada alcald\u00eda se puede solicitar un reconocimiento de trabajador informal en el \u00e1mbito comunal.<\/p>\n<p style=\"text-align: justify;\">\u00a0<\/p>\n<p style=\"text-align: justify;\"><b>T\/ Mar\u00eda Ver\u00f3nica Molina <\/b><\/p>\n<p style=\"text-align: justify;\">\u00a0<\/p>\n<p>&nbsp;<\/p>\n<p>&nbsp;<\/p>\n<p>&nbsp;<\/p>\n<p>&nbsp;<\/p>\n<p>&nbsp;<\/p>\n","protected":false},"excerpt":{"rendered":"<p>Las personas interesadas en estudiar bachillerato pueden inscribirse de manera gratuita para iniciar el curso introductorio en agosto<\/p>\n","protected":false},"author":15,"featured_media":15464,"comment_status":"closed","ping_status":"closed","sticky":false,"template":"","format":"aside","meta":{"footnotes":""},"categories":[2],"tags":[],"class_list":["post-15463","post","type-post","status-publish","format-aside","has-post-thumbnail","hentry","category-blog","post_format-post-format-aside"],"_links":{"self":[{"href":"https:\/\/inces.gob.ve\/index.php\/wp-json\/wp\/v2\/posts\/15463","targetHints":{"allow":["GET"]}}],"collection":[{"href":"https:\/\/inces.gob.ve\/index.php\/wp-json\/wp\/v2\/posts"}],"about":[{"href":"https:\/\/inces.gob.ve\/index.php\/wp-json\/wp\/v2\/types\/post"}],"author":[{"embeddable":true,"href":"https:\/\/inces.gob.ve\/index.php\/wp-json\/wp\/v2\/users\/15"}],"replies":[{"embeddable":true,"href":"https:\/\/inces.gob.ve\/index.php\/wp-json\/wp\/v2\/comments?post=15463"}],"version-history":[{"count":1,"href":"https:\/\/inces.gob.ve\/index.php\/wp-json\/wp\/v2\/posts\/15463\/revisions"}],"predecessor-version":[{"id":34630,"href":"https:\/\/inces.gob.ve\/index.php\/wp-json\/wp\/v2\/posts\/15463\/revisions\/34630"}],"wp:featuredmedia":[{"embeddable":true,"href":"https:\/\/inces.gob.ve\/index.php\/wp-json\/"}],"wp:attachment":[{"href":"https:\/\/inces.gob.ve\/index.php\/wp-json\/wp\/v2\/media?parent=15463"}],"wp:term":[{"taxonomy":"category","embeddable":true,"href":"https:\/\/inces.gob.ve\/index.php\/wp-json\/wp\/v2\/categories?post=15463"},{"taxonomy":"post_tag","embeddable":true,"href":"https:\/\/inces.gob.ve\/index.php\/wp-json\/wp\/v2\/tags?post=15463"}],"curies":[{"name":"wp","href":"https:\/\/api.w.org\/{rel}","templated":true}]}}