{"id":15468,"date":"2018-05-29T09:05:29","date_gmt":"2018-05-29T15:05:29","guid":{"rendered":"http:\/\/www.inces.gob.ve\/?p=15468"},"modified":"2020-05-28T20:32:15","modified_gmt":"2020-05-29T00:32:15","slug":"inces-una-herramienta-dialogo-transformacion","status":"publish","type":"post","link":"https:\/\/inces.gob.ve\/index.php\/2018\/05\/29\/inces-una-herramienta-dialogo-transformacion\/","title":{"rendered":"Inces: una herramienta de di\u00e1logo y transformaci\u00f3n"},"content":{"rendered":"<p class=\"western\" style=\"text-align: justify;\"><span style=\"font-family: Arial,sans-serif;\"><i><b>**Con m\u00e1s de 700 opciones formativas en Falc\u00f3n, la instituci\u00f3n a trav\u00e9s de la ense\u00f1anza da un paso hacia adelante para dar respuestas a las necesidades de acuerdo a la nueva realidad pol\u00edtica y social que vive el pa\u00eds<\/b><\/i><\/span><\/p>\n<p class=\"western\" style=\"text-align: justify;\"><!--more-->\n <\/p>\n<p class=\"western\" style=\"text-align: justify;\"><span style=\"font-family: Arial,sans-serif;\"><b>Inces Falc\u00f3n <\/b>.-Durante el d\u00eda de ayer en los espacios de la gerencia del Instituto Nacional de Capacitaci\u00f3n y Educaci\u00f3n Socialista (Inces) en Falc\u00f3n, Eneyda Mart\u00ednez Rodr\u00edguez, gerente regional acompa\u00f1ada del jefe de la Divisi\u00f3n de Formaci\u00f3n Profesional y del equipo de Vanguardia, comunic\u00f3 que la instituci\u00f3n actualmente visibiliza al pueblo a trav\u00e9s del conocimiento y est\u00e1 enfocada en las orientaciones que parten de tres puntos importantes como lo son: formativo, organizativo y productivo. <\/span><\/p>\n<p class=\"western\" style=\"text-align: justify;\">\n <\/p>\n<p class=\"western\" style=\"text-align: justify;\"><span style=\"font-family: Arial,sans-serif;\">Mart\u00ednez tambi\u00e9n manifest\u00f3 durante el encuentro con los medios de comunicaci\u00f3n, poner a la disposici\u00f3n de las comunidades, entidades de trabajo e instituciones de la regi\u00f3n toda la infraestructura integrada por los cuatro Centros de Formaci\u00f3n Socialistas de Coro y Punto Fijo, del Laboratorio \u201cSim\u00f3n Rodr\u00edguez\u201d, Centro Nacional de Soldadura, talleres y aulas de clases para que el pueblo acuda y acceda a los procesos de aprendizaje, \u201cdeben visualizar el Inces como una herramienta de di\u00e1logo y transformaci\u00f3n tan necesarios en estos momentos\u201d.<\/span><\/p>\n<p>&nbsp;<\/p>\n<p class=\"western\" style=\"text-align: justify;\"><span style=\"font-family: Arial,sans-serif;\"><img loading=\"lazy\" decoding=\"async\" class=\"size-full wp-image-15471 aligncenter\" src=\"http:\/\/www.inces.gob.ve\/wp-content\/uploads\/2018\/05\/1opciones-formativas-.jpg\" alt=\"\" width=\"800\" height=\"617\" \/><\/span><\/p>\n<p class=\"western\" style=\"text-align: justify;\"><span style=\"font-family: Arial,sans-serif;\">M\u00e1s de 700 opciones formativas en Falc\u00f3n<\/span><\/p>\n<p class=\"western\" style=\"text-align: justify;\"><span style=\"font-family: Arial,sans-serif;\">Precis\u00f3 la gerente regional, el Inces trabaja actualmente en nuevas experiencias formativas dirigidas hacia lo productivo, inventiva y sustituci\u00f3n de tecnolog\u00edas, dando respuestas a los tres motores priorizados que incentivan la producci\u00f3n, como lo son: agroalimentario, industria y turismo, \u201cexperiencias que est\u00e1n dando resultados tangibles en lo productivo\u201d.<\/span><\/p>\n<p class=\"western\" style=\"text-align: justify;\">\n <\/p>\n<p class=\"western\" style=\"text-align: justify;\"><span style=\"font-family: Arial,sans-serif;\">Explic\u00f3 Eneyda Mart\u00ednez, actualmente la transformaci\u00f3n debe partir de nuevos aprendizajes, \u201ctenemos m\u00e1s de 700 formaciones que atienden al desarrollo de nuestro pa\u00eds, tomando en cuenta la realidad social y la arremetida econ\u00f3mica a la cual estamos sometidos\u201d.<\/span><\/p>\n<p class=\"western\" style=\"text-align: justify;\">\n <\/p>\n<p class=\"western\" style=\"text-align: justify;\"><span style=\"font-family: Arial,sans-serif;\">Por otra parte mencion\u00f3 que los j\u00f3venes son parte fundamental en los procesos formativos del Inces, el Chamba Juvenil y El Programa Nacional de Aprendizaje es todo un movimiento de j\u00f3venes que dinamizan y motorizan la producci\u00f3n nacional gracias a las pol\u00edticas del gobierno del presidente Nicol\u00e1s Maduro, \u201cse est\u00e1n viendo los resultados\u201d.<\/span><\/p>\n<p>&nbsp;<\/p>\n<p class=\"western\" style=\"text-align: justify;\"><span style=\"font-family: Arial,sans-serif;\">Llamado a las Alcald\u00eda e instituciones<\/span><\/p>\n<p class=\"western\" style=\"text-align: justify;\">\u201c<span style=\"font-family: Arial,sans-serif;\">Extendemos una invitaci\u00f3n a todas las instituciones y alcald\u00edas del estado Falc\u00f3n para que se vinculen con el Inces, se est\u00e1 constituyendo un proyecto de ampliaci\u00f3n y extensi\u00f3n del Inces que va encaminado hacia la municipalizaci\u00f3n, por lo que se quiere trazar estrategias para abordar y atender a las comunidades sin dejar de lado a los sectores priorizados\u201d acot\u00f3 Mart\u00ednez..<\/span><\/p>\n<p>&nbsp;<\/p>\n<p class=\"western\" style=\"text-align: justify;\"><span style=\"font-family: Arial,sans-serif;\">Rechazo de acciones injerencistas<\/span><\/p>\n<p class=\"western\" style=\"text-align: justify;\"><span style=\"font-family: Arial,sans-serif;\">Por otra parte puntualiz\u00f3 Mart\u00ednez, que siguiendo instrucciones del presidente del Inces, Wuikelman \u00c1ngel Paredes, fijamos posici\u00f3n como instituci\u00f3n del Estado, una vez m\u00e1s apoyando los lineamientos estrat\u00e9gicos del presidente Nicol\u00e1s Maduro, \u201cson pol\u00edticas de visibilizaci\u00f3n de un pueblo\u201d.<\/span><\/p>\n<p class=\"western\" style=\"text-align: justify;\">\n <img loading=\"lazy\" decoding=\"async\" class=\"size-full wp-image-15470 aligncenter\" src=\"http:\/\/www.inces.gob.ve\/wp-content\/uploads\/2018\/05\/2opciones-formativas-.jpg\" alt=\"\" width=\"800\" height=\"533\" \/><\/p>\n<p class=\"western\" style=\"text-align: justify;\">\u201c<span style=\"font-family: Arial,sans-serif;\">Queremos expresar desde la estructura del Inces Falc\u00f3n, que hemos conformado la vanguardia partiendo de lo pol\u00edtico, organizacional y comunicacional, y apoyamos todas las estrategias en defensa de la soberan\u00eda y la democracia del pa\u00eds, rechazamos todas las acciones intervencionistas del imperio norteamericano basadas en querer tener el control pol\u00edtico, chantaje econ\u00f3mico, con el fin de lograr la supremac\u00eda y el imperialismo\u201d. Concluy\u00f3 Eneyda Mart\u00ednez.<\/span><\/p>\n<p class=\"western\" style=\"text-align: justify;\">\n <\/p>\n<p class=\"western\" style=\"text-align: justify;\"><span style=\"font-family: Arial,sans-serif;\">Prensa Inces Falc\u00f3n\/Miriam Gonz\u00e1lez Villarroel<\/span><\/p>\n","protected":false},"excerpt":{"rendered":"<p>**Con m\u00e1s de 700 opciones formativas en Falc\u00f3n, la instituci\u00f3n a trav\u00e9s de la ense\u00f1anza da un paso hacia adelante para dar respuestas a las necesidades de acuerdo a la nueva realidad pol\u00edtica y social que vive el pa\u00eds<\/p>\n","protected":false},"author":15,"featured_media":15469,"comment_status":"closed","ping_status":"closed","sticky":false,"template":"","format":"aside","meta":{"footnotes":""},"categories":[2],"tags":[],"class_list":["post-15468","post","type-post","status-publish","format-aside","has-post-thumbnail","hentry","category-blog","post_format-post-format-aside"],"_links":{"self":[{"href":"https:\/\/inces.gob.ve\/index.php\/wp-json\/wp\/v2\/posts\/15468","targetHints":{"allow":["GET"]}}],"collection":[{"href":"https:\/\/inces.gob.ve\/index.php\/wp-json\/wp\/v2\/posts"}],"about":[{"href":"https:\/\/inces.gob.ve\/index.php\/wp-json\/wp\/v2\/types\/post"}],"author":[{"embeddable":true,"href":"https:\/\/inces.gob.ve\/index.php\/wp-json\/wp\/v2\/users\/15"}],"replies":[{"embeddable":true,"href":"https:\/\/inces.gob.ve\/index.php\/wp-json\/wp\/v2\/comments?post=15468"}],"version-history":[{"count":1,"href":"https:\/\/inces.gob.ve\/index.php\/wp-json\/wp\/v2\/posts\/15468\/revisions"}],"predecessor-version":[{"id":34629,"href":"https:\/\/inces.gob.ve\/index.php\/wp-json\/wp\/v2\/posts\/15468\/revisions\/34629"}],"wp:featuredmedia":[{"embeddable":true,"href":"https:\/\/inces.gob.ve\/index.php\/wp-json\/"}],"wp:attachment":[{"href":"https:\/\/inces.gob.ve\/index.php\/wp-json\/wp\/v2\/media?parent=15468"}],"wp:term":[{"taxonomy":"category","embeddable":true,"href":"https:\/\/inces.gob.ve\/index.php\/wp-json\/wp\/v2\/categories?post=15468"},{"taxonomy":"post_tag","embeddable":true,"href":"https:\/\/inces.gob.ve\/index.php\/wp-json\/wp\/v2\/tags?post=15468"}],"curies":[{"name":"wp","href":"https:\/\/api.w.org\/{rel}","templated":true}]}}