{"id":15503,"date":"2018-05-29T13:47:33","date_gmt":"2018-05-29T19:47:33","guid":{"rendered":"http:\/\/www.inces.gob.ve\/?p=15503"},"modified":"2020-05-28T20:32:15","modified_gmt":"2020-05-29T00:32:15","slug":"seis-lineas-accion-tendra-gobierno-nicolas-maduro","status":"publish","type":"post","link":"https:\/\/inces.gob.ve\/index.php\/2018\/05\/29\/seis-lineas-accion-tendra-gobierno-nicolas-maduro\/","title":{"rendered":"Seis l\u00edneas de acci\u00f3n tendr\u00e1 el Gobierno de Nicol\u00e1s Maduro"},"content":{"rendered":"<p>&nbsp;<\/p>\n<p>&nbsp;<\/p>\n<p style=\"text-align: justify;\">** <em><strong>El presidente de Venezuela, Nicol\u00e1s Maduro, defini\u00f3 el jueves 24, ante la Asamblea Nacional Constituyente (ANC) las seis l\u00edneas estrat\u00e9gicas de acci\u00f3n que marcar\u00e1n el per\u00edodo presidencial 2019-2025<\/strong><\/em><\/p>\n<p>&nbsp;<\/p>\n<p style=\"text-align: justify;\"><!--more--><\/p>\n<p><img loading=\"lazy\" decoding=\"async\" class=\"aligncenter wp-image-15504 size-full\" src=\"http:\/\/www.inces.gob.ve\/wp-content\/uploads\/2018\/05\/II-Lineas.jpg\" alt=\"\" width=\"650\" height=\"921\" \/><\/p>\n","protected":false},"excerpt":{"rendered":"<p>&nbsp; &nbsp; ** El presidente de Venezuela, Nicol\u00e1s Maduro, defini\u00f3 el jueves 24, ante la Asamblea Nacional Constituyente (ANC) las seis l\u00edneas estrat\u00e9gicas de acci\u00f3n que marcar\u00e1n el per\u00edodo presidencial 2019-2025 &nbsp;<\/p>\n","protected":false},"author":15,"featured_media":15504,"comment_status":"closed","ping_status":"closed","sticky":false,"template":"","format":"aside","meta":{"footnotes":""},"categories":[2],"tags":[],"class_list":["post-15503","post","type-post","status-publish","format-aside","has-post-thumbnail","hentry","category-blog","post_format-post-format-aside"],"_links":{"self":[{"href":"https:\/\/inces.gob.ve\/index.php\/wp-json\/wp\/v2\/posts\/15503","targetHints":{"allow":["GET"]}}],"collection":[{"href":"https:\/\/inces.gob.ve\/index.php\/wp-json\/wp\/v2\/posts"}],"about":[{"href":"https:\/\/inces.gob.ve\/index.php\/wp-json\/wp\/v2\/types\/post"}],"author":[{"embeddable":true,"href":"https:\/\/inces.gob.ve\/index.php\/wp-json\/wp\/v2\/users\/15"}],"replies":[{"embeddable":true,"href":"https:\/\/inces.gob.ve\/index.php\/wp-json\/wp\/v2\/comments?post=15503"}],"version-history":[{"count":1,"href":"https:\/\/inces.gob.ve\/index.php\/wp-json\/wp\/v2\/posts\/15503\/revisions"}],"predecessor-version":[{"id":34624,"href":"https:\/\/inces.gob.ve\/index.php\/wp-json\/wp\/v2\/posts\/15503\/revisions\/34624"}],"wp:featuredmedia":[{"embeddable":true,"href":"https:\/\/inces.gob.ve\/index.php\/wp-json\/"}],"wp:attachment":[{"href":"https:\/\/inces.gob.ve\/index.php\/wp-json\/wp\/v2\/media?parent=15503"}],"wp:term":[{"taxonomy":"category","embeddable":true,"href":"https:\/\/inces.gob.ve\/index.php\/wp-json\/wp\/v2\/categories?post=15503"},{"taxonomy":"post_tag","embeddable":true,"href":"https:\/\/inces.gob.ve\/index.php\/wp-json\/wp\/v2\/tags?post=15503"}],"curies":[{"name":"wp","href":"https:\/\/api.w.org\/{rel}","templated":true}]}}