{"id":15527,"date":"2018-05-30T08:08:08","date_gmt":"2018-05-30T14:08:08","guid":{"rendered":"http:\/\/www.inces.gob.ve\/?p=15527"},"modified":"2020-05-28T20:34:45","modified_gmt":"2020-05-29T00:34:45","slug":"vanguardia-inces-falcon-respalda-reeleccion-maduro-rechaza-sanciones-internacionales","status":"publish","type":"post","link":"https:\/\/inces.gob.ve\/index.php\/2018\/05\/30\/vanguardia-inces-falcon-respalda-reeleccion-maduro-rechaza-sanciones-internacionales\/","title":{"rendered":"Vanguardia Inces Falc\u00f3n respalda reelecci\u00f3n de Maduro y rechaza sanciones internacionales"},"content":{"rendered":"<p class=\"western\" style=\"text-align: justify;\"><em><strong>El Movimiento Vanguardia del Inces en Falc\u00f3n se pronunci\u00f3 durante el d\u00eda de ayer para dar su respaldo contundente a la reelecci\u00f3n del presidente Nicol\u00e1s Maduro y en rechazo a las sanciones impuestas por la comunidad internacional al gobierno de Venezuela.<\/strong><\/em><\/p>\n<p class=\"western\" style=\"text-align: justify;\"><!--more-->\n <\/p>\n<p class=\"western\" style=\"text-align: justify;\">Eneyda Mart\u00ednez, gerente regional del Inces Falc\u00f3n, coment\u00f3 que siguiendo instrucciones del presidente del Inces, Wuikelman \u00c1ngel Paredes, fijamos posici\u00f3n como instituci\u00f3n del Estado, una vez m\u00e1s <b>apoyando los lineamientos estrat\u00e9gicos del presidente <\/b>Nicol\u00e1s Maduro, \u201cson pol\u00edticas de visibilizaci\u00f3n de un pueblo\u201d.<\/p>\n<p class=\"western\" style=\"text-align: justify;\">\n <\/p>\n<p class=\"western\" style=\"text-align: justify;\">\u201cQueremos expresar desde la estructura del Inces Falc\u00f3n, que hemos conformado la vanguardia partiendo de lo pol\u00edtico, organizacional y comunicacional, y apoyamos todas las estrategias en <b>defensa de la soberan\u00eda y la democracia del pa\u00eds<\/b>, rechazamos todas las acciones intervencionistas del imperio norteamericano basadas en querer tener el control pol\u00edtico, chantaje econ\u00f3mico, con el fin \u00fanico, de lograr la supremac\u00eda y el imperialismo\u201d. resalt\u00f3 Mart\u00ednez.<\/p>\n<p>&nbsp;<\/p>\n<p class=\"western\" style=\"text-align: justify;\"><img loading=\"lazy\" decoding=\"async\" class=\"size-full wp-image-15529 aligncenter\" src=\"http:\/\/www.inces.gob.ve\/wp-content\/uploads\/2018\/05\/2reelecci\u00f3n-de-Maduro.jpg\" alt=\"\" width=\"800\" height=\"418\" \/><\/p>\n<p class=\"western\" style=\"text-align: justify;\">\n <\/p>\n<p class=\"western\" style=\"text-align: justify;\"><b>Fortalecer la vanguardia Inces<\/b><\/p>\n<p class=\"western\" style=\"text-align: justify;\">Por su parte Darwin Paredes, jefe de la Divisi\u00f3n de Formaci\u00f3n Profesional y coordinador Pol\u00edtico del Inces en Falc\u00f3n, se\u00f1al\u00f3 que <b>desde la estructura de los trabajadores, los aprendices y los formadores, conformaron esta vanguardia pol\u00edtica, social y transformadora<\/b>, la cual tuvo un desempe\u00f1o significativo para lograr el triunfo de Nicol\u00e1s Maduro a la reelecci\u00f3n. \u201cQuiero felicitar p\u00fablicamente el trabajo y la participaci\u00f3n que desde los Centros de Formaci\u00f3n Socialista de Coro y Punto Fijo se realiz\u00f3 durante el proceso electoral. La participaci\u00f3n fue excelente y se lograron las metas trazadas\u201d.<\/p>\n<p class=\"western\" style=\"text-align: justify;\">\n <\/p>\n<p class=\"western\" style=\"text-align: justify;\">\u201cHay que fortalecer la vanguardia de la instituci\u00f3n, partiendo de la premisa de que el Inces es una herramienta de transformaci\u00f3n\u201d, puntualiz\u00f3 Paredes.<\/p>\n<p class=\"western\" style=\"text-align: justify;\">\n <\/p>\n<p class=\"western\" style=\"text-align: justify;\">\u201cHoy toca una de las tareas m\u00e1s medulares, que es la defensa de ese logro y en esta t\u00f3nica desde el Inces tenemos tres objetivos estrat\u00e9gicos en lo pol\u00edtico, en lo organizativo y en lo profesional, para defender y asumir una postura en cuanto a las a<b>gresiones contra Venezuela al desconocer los resultados de las elecciones presidenciales\u201d, <\/b>indic\u00f3.<\/p>\n<p>&nbsp;<\/p>\n<p class=\"western\" style=\"text-align: justify;\"><img loading=\"lazy\" decoding=\"async\" class=\"size-full wp-image-15528 aligncenter\" src=\"http:\/\/www.inces.gob.ve\/wp-content\/uploads\/2018\/05\/4reelecci\u00f3n-de-Maduro.jpg\" alt=\"\" width=\"800\" height=\"479\" \/>\n <\/p>\n<p class=\"western\" style=\"text-align: justify;\">Adem\u00e1s, manifest\u00f3 Darwin Paredes, rechazan categ\u00f3ricamente lo que ha sido la serie de medidas sancionatorias contra el pa\u00eds, que es democr\u00e1tico, \u201cquieren venir otros pa\u00edses a dar ejemplo de democracia cuando, hoy por hoy, <b>Venezuela es uno de las naciones que ha dado ejemplo al mundo de participaci\u00f3n, de democracia y de protagonismo<\/b>\u201d, concluy\u00f3.<\/p>\n<p class=\"western\" style=\"text-align: justify;\">\n <\/p>\n<p class=\"western\" style=\"text-align: justify;\"><b>Prensa Inces Falc\u00f3n\/Miriam Gonz\u00e1lez Villarroel<\/b><\/p>\n","protected":false},"excerpt":{"rendered":"<p>El Movimiento Vanguardia del Inces en Falc\u00f3n se pronunci\u00f3 durante el d\u00eda de ayer para dar su respaldo contundente a la reelecci\u00f3n del presidente Nicol\u00e1s Maduro y en rechazo a las sanciones impuestas por la comunidad internacional al gobierno de Venezuela.<\/p>\n","protected":false},"author":15,"featured_media":15530,"comment_status":"closed","ping_status":"closed","sticky":false,"template":"","format":"aside","meta":{"footnotes":""},"categories":[2],"tags":[],"class_list":["post-15527","post","type-post","status-publish","format-aside","has-post-thumbnail","hentry","category-blog","post_format-post-format-aside"],"_links":{"self":[{"href":"https:\/\/inces.gob.ve\/index.php\/wp-json\/wp\/v2\/posts\/15527","targetHints":{"allow":["GET"]}}],"collection":[{"href":"https:\/\/inces.gob.ve\/index.php\/wp-json\/wp\/v2\/posts"}],"about":[{"href":"https:\/\/inces.gob.ve\/index.php\/wp-json\/wp\/v2\/types\/post"}],"author":[{"embeddable":true,"href":"https:\/\/inces.gob.ve\/index.php\/wp-json\/wp\/v2\/users\/15"}],"replies":[{"embeddable":true,"href":"https:\/\/inces.gob.ve\/index.php\/wp-json\/wp\/v2\/comments?post=15527"}],"version-history":[{"count":1,"href":"https:\/\/inces.gob.ve\/index.php\/wp-json\/wp\/v2\/posts\/15527\/revisions"}],"predecessor-version":[{"id":34621,"href":"https:\/\/inces.gob.ve\/index.php\/wp-json\/wp\/v2\/posts\/15527\/revisions\/34621"}],"wp:featuredmedia":[{"embeddable":true,"href":"https:\/\/inces.gob.ve\/index.php\/wp-json\/"}],"wp:attachment":[{"href":"https:\/\/inces.gob.ve\/index.php\/wp-json\/wp\/v2\/media?parent=15527"}],"wp:term":[{"taxonomy":"category","embeddable":true,"href":"https:\/\/inces.gob.ve\/index.php\/wp-json\/wp\/v2\/categories?post=15527"},{"taxonomy":"post_tag","embeddable":true,"href":"https:\/\/inces.gob.ve\/index.php\/wp-json\/wp\/v2\/tags?post=15527"}],"curies":[{"name":"wp","href":"https:\/\/api.w.org\/{rel}","templated":true}]}}