{"id":15601,"date":"2018-05-31T08:10:04","date_gmt":"2018-05-31T14:10:04","guid":{"rendered":"http:\/\/www.inces.gob.ve\/?p=15601"},"modified":"2020-05-28T20:31:56","modified_gmt":"2020-05-29T00:31:56","slug":"talento-humano-garzon-acredita-conocimientos-inces-lara","status":"publish","type":"post","link":"https:\/\/inces.gob.ve\/index.php\/2018\/05\/31\/talento-humano-garzon-acredita-conocimientos-inces-lara\/","title":{"rendered":"Talento humano de  Garz\u00f3n acredita sus conocimientos con Inces Lara"},"content":{"rendered":"<p style=\"text-align: justify;\" align=\"justify\"><span style=\"font-family: Arial,sans-serif;\"><span style=\"font-size: medium;\"><i><b>** El programa Certifica tu Saber sigue reconociendo las competencias laborales, en diferentes oficios , a los trabajadores venezolanos <\/b><\/i><\/span><\/span><\/p>\n<p style=\"text-align: justify;\" align=\"justify\"><span style=\"font-family: Arial,sans-serif;\"><span style=\"font-size: medium;\"><b><span style=\"font-size: small;\">\u00a0<\/span><\/b><\/span><\/span><\/p>\n<p style=\"text-align: justify;\" align=\"justify\"><b> <\/b><!--more--><\/p>\n<h6 class=\"western\" style=\"text-align: justify;\" align=\"justify\"><strong><span style=\"color: #000000;\"><span style=\"font-family: Arial,sans-serif;\"><span style=\"font-size: small;\"><b>GAUDY L\u00d3PEZ | Lara<\/b><\/span><\/span><\/span><\/strong><\/h6>\n<p style=\"text-align: justify;\" align=\"justify\"><span style=\"font-family: Arial,sans-serif;\"><span style=\"font-size: medium;\"><b>Cerca de 100 trabajadore<\/b>s de la tienda de supermercados Garz\u00f3n acreditaron sus experiencias en el ejercicio de diferentes actividades productivas a trav\u00e9s del<b>Programa Certifica Tu Saber<\/b> que lleva el Inces en todo el pa\u00eds. La jornada se realiz\u00f3 en la tienda de alimentos ubicada en Barquisimeto.<\/span><\/span><\/p>\n<p style=\"text-align: justify;\" align=\"justify\"><span style=\"font-family: Arial,sans-serif;\"><span style=\"font-size: medium;\">En esta oportunidad los trabajadores demostraron con un conservatorio y una sencilla evaluaci\u00f3n <b>pr\u00e1ctica el saber<\/b> sus conocimientos como cajeros, recepcionista, archivista, asistente administrativo, mantenimiento y limpieza, entre otros. <\/span><\/span><\/p>\n<p style=\"text-align: justify;\" align=\"justify\"><img loading=\"lazy\" decoding=\"async\" class=\"size-full wp-image-15602 aligncenter\" src=\"http:\/\/www.inces.gob.ve\/wp-content\/uploads\/2018\/05\/3Certifica-Tu-Saber.jpg\" alt=\"\" width=\"800\" height=\"706\" \/><\/p>\n<p style=\"text-align: justify;\" align=\"justify\"><span style=\"font-family: Arial,sans-serif;\"><span style=\"font-size: medium;\">Las maestras t\u00e9cnicas productivas (MTP), Leidys Alvarado, Gloria Guzm\u00e1n, Rosalba Buena y Zulay \u00c1lvarez, tuvieron la responsabilidad de certificar a los trabajadores en \u00e1reas productivas vinculadas al <b>comercio y servicio. <\/b><\/span><\/span><\/p>\n<p style=\"text-align: justify;\" align=\"justify\"><span style=\"font-family: Arial,sans-serif;\"><span style=\"font-size: medium;\"><span style=\"color: #333333;\"><b>E<\/b><\/span><span style=\"color: #333333;\"><b>l<\/b><\/span><b> <\/b><span style=\"color: #333333;\"><b>programa Certifica <\/b><\/span><span style=\"color: #333333;\"><b>t<\/b><\/span><span style=\"color: #333333;\"><b>u Saber<\/b><\/span><span style=\"color: #333333;\"> con Inces<\/span><b> <\/b><span style=\"color: #333333;\">se seguir\u00e1 vinculando <\/span><span style=\"color: #333333;\">con todas las instituciones del <\/span><span style=\"color: #333333;\">e<\/span><span style=\"color: #333333;\">tado <\/span><span style=\"color: #333333;\">para acreditar los saberes <\/span><span style=\"color: #333333;\">emp\u00edricos<\/span><span style=\"color: #333333;\"> y <\/span><span style=\"color: #333333;\">acad\u00e9micos<\/span> <span style=\"color: #333333;\">del pueblo trabajador y del p\u00fablico en general como un acto <\/span><span style=\"color: #333333;\">de justicia, dando cumplimiento a la pol\u00edtica de inclusi\u00f3n del Gobierno Bolivariano de Venezuela.<\/span><\/span><\/span><\/p>\n<p style=\"text-align: justify;\" align=\"justify\"><span style=\"font-family: Arial,sans-serif;\"><span style=\"font-size: medium;\"><span style=\"color: #333333;\"><img loading=\"lazy\" decoding=\"async\" class=\"size-full wp-image-15604 aligncenter\" src=\"http:\/\/www.inces.gob.ve\/wp-content\/uploads\/2018\/05\/1Certifica-Tu-Saber.jpg\" alt=\"\" width=\"716\" height=\"716\" \/><\/span><\/span><\/span><\/p>\n<p style=\"text-align: justify;\" align=\"justify\"><span style=\"color: #333333;\"><span style=\"font-family: Open Sans,Helvetica Neue,Helvetica,Arial,sans-serif;\"><span style=\"font-size: small;\"><strong><span style=\"color: #000000;\"><span style=\"font-family: Arial,sans-serif;\"><span style=\"font-size: medium;\"><b>Requisito de peso<\/b><\/span><\/span><\/span><\/strong><\/span><\/span><\/span><\/p>\n<p style=\"text-align: justify;\" align=\"justify\"><span style=\"color: #000000;\"><span style=\"font-family: Arial,sans-serif;\"><span style=\"font-size: medium;\"><b>L<\/b><b>a Acreditaci\u00f3n y Certificaci\u00f3n de Conocimientos <\/b><b>y<\/b><b> Experiencia en Ejercicio<\/b> sirve como requisito para ampliar la hoja de vida laboral de los beneficiados, optar a cr\u00e9ditos otorgados por la banca p\u00fablica, incorporarse a programas educativos, as\u00ed como la inclusi\u00f3n, ascenso y homologaci\u00f3n en el proceso social del trabajo. <\/span><\/span><\/span><\/p>\n<p style=\"text-align: justify;\" align=\"justify\"><span style=\"color: #000000;\"><span style=\"font-family: Arial,sans-serif;\"><span style=\"font-size: small;\">lt.-<\/span><\/span><\/span><\/p>\n","protected":false},"excerpt":{"rendered":"<p>** El programa Certifica tu Saber sigue reconociendo las competencias laborales, en diferentes oficios , a los trabajadores venezolanos \u00a0<\/p>\n","protected":false},"author":15,"featured_media":15603,"comment_status":"closed","ping_status":"closed","sticky":false,"template":"","format":"aside","meta":{"footnotes":""},"categories":[2],"tags":[],"class_list":["post-15601","post","type-post","status-publish","format-aside","has-post-thumbnail","hentry","category-blog","post_format-post-format-aside"],"_links":{"self":[{"href":"https:\/\/inces.gob.ve\/index.php\/wp-json\/wp\/v2\/posts\/15601","targetHints":{"allow":["GET"]}}],"collection":[{"href":"https:\/\/inces.gob.ve\/index.php\/wp-json\/wp\/v2\/posts"}],"about":[{"href":"https:\/\/inces.gob.ve\/index.php\/wp-json\/wp\/v2\/types\/post"}],"author":[{"embeddable":true,"href":"https:\/\/inces.gob.ve\/index.php\/wp-json\/wp\/v2\/users\/15"}],"replies":[{"embeddable":true,"href":"https:\/\/inces.gob.ve\/index.php\/wp-json\/wp\/v2\/comments?post=15601"}],"version-history":[{"count":1,"href":"https:\/\/inces.gob.ve\/index.php\/wp-json\/wp\/v2\/posts\/15601\/revisions"}],"predecessor-version":[{"id":34610,"href":"https:\/\/inces.gob.ve\/index.php\/wp-json\/wp\/v2\/posts\/15601\/revisions\/34610"}],"wp:featuredmedia":[{"embeddable":true,"href":"https:\/\/inces.gob.ve\/index.php\/wp-json\/"}],"wp:attachment":[{"href":"https:\/\/inces.gob.ve\/index.php\/wp-json\/wp\/v2\/media?parent=15601"}],"wp:term":[{"taxonomy":"category","embeddable":true,"href":"https:\/\/inces.gob.ve\/index.php\/wp-json\/wp\/v2\/categories?post=15601"},{"taxonomy":"post_tag","embeddable":true,"href":"https:\/\/inces.gob.ve\/index.php\/wp-json\/wp\/v2\/tags?post=15601"}],"curies":[{"name":"wp","href":"https:\/\/api.w.org\/{rel}","templated":true}]}}