{"id":15639,"date":"2018-06-04T07:21:33","date_gmt":"2018-06-04T13:21:33","guid":{"rendered":"http:\/\/www.inces.gob.ve\/?p=15639"},"modified":"2020-05-28T20:31:56","modified_gmt":"2020-05-29T00:31:56","slug":"cnac-e-inces-unen-esfuerzos-formar-trabajadores-cinematograficos","status":"publish","type":"post","link":"https:\/\/inces.gob.ve\/index.php\/2018\/06\/04\/cnac-e-inces-unen-esfuerzos-formar-trabajadores-cinematograficos\/","title":{"rendered":"Cnac e Inces unen esfuerzos para formar trabajadores cinematogr\u00e1ficos"},"content":{"rendered":"<p style=\"text-align: justify;\"><span style=\"font-family: Arial,sans-serif;\">** <em><strong>No bastar\u00e1 con la formaci\u00f3n en el arte audiovisual; se acreditar\u00e1n saberes emp\u00edricos, se adiestrar\u00e1n formadores y se nivelar\u00e1n como Bachilleres Productivos a los trabajadores de la industria que as\u00ed lo requieran<\/strong><\/em><\/span><\/p>\n<p style=\"text-align: justify;\" align=\"justify\">\u00a0<\/p>\n<p style=\"text-align: justify;\" align=\"justify\"><!--more--><\/p>\n<p style=\"text-align: justify;\" align=\"justify\"><span style=\"font-family: Arial,sans-serif;\"><span style=\"font-size: small;\"><b>Ivaldo Rodr\u00edguez | Caracas<\/b><\/span><\/span><\/p>\n<p style=\"text-align: justify;\" align=\"justify\">\u00a0<\/p>\n<p style=\"text-align: justify;\"><span style=\"font-family: Arial,sans-serif;\"><b>Prensa Inces sede<\/b><\/span><span style=\"font-family: Arial,sans-serif;\">.- La consecuci\u00f3n de una nueva camada de t\u00e9cnicos para la industria nacional del cine, a trav\u00e9s de esfuerzos mancomunados entre el Centro Nacional Aut\u00f3nomo de Cinematograf\u00eda (<\/span><em><span style=\"font-family: Arial,sans-serif;\">Cnac<\/span><\/em><span style=\"font-family: Arial,sans-serif;\">) y el Instituto Nacional de Capacitaci\u00f3n y Educaci\u00f3n Socialista (Inces) fue el objeto principal de un encuentro sostenido en la casa de formaci\u00f3n para el trabajo, con la asistencia de altos representantes de ambas instituciones y la mayor disposici\u00f3n de iniciar un proceso diagn\u00f3stico de equipamiento, espacios disponibles, investigaciones, bibliograf\u00edas y todas las potencialidades de ambas organizaciones para la creaci\u00f3n de programas de formaci\u00f3n en el sector audiovisual.<\/span><\/p>\n<p style=\"text-align: justify;\">\u00a0<\/p>\n<p style=\"text-align: justify;\"><span style=\"font-family: Arial,sans-serif;\">Se discuti\u00f3 la generaci\u00f3n de cursos que ya se vienen generando en el Inces para cualificarlos y organizarlos en un programa que los involucre en la producci\u00f3n cinematogr\u00e1fica, tales como Carpinter\u00eda, Maquillaje, Vestuario, Escenograf\u00eda y en fin, un significativo grupo que podr\u00edan ser capializados por la industria del cine una vez sistematizados con la experiencia de las dos instituciones. Aracelis Garc\u00eda, presidenta del Cnac, dijo que han venido identificado debilidades en la industria del celuloide por falta de t\u00e9cnicos y aqu\u00ed se ve una oportunidad invalorable para subsanar esta situaci\u00f3n.<\/span><\/p>\n<p>&nbsp;<\/p>\n<p style=\"text-align: justify;\"><img loading=\"lazy\" decoding=\"async\" class=\"size-full wp-image-15640 aligncenter\" src=\"http:\/\/www.inces.gob.ve\/wp-content\/uploads\/2018\/06\/3formar-trabajadores-.jpg\" alt=\"\" width=\"850\" height=\"539\" \/><\/p>\n<p style=\"text-align: justify;\"><span style=\"font-family: Arial,sans-serif;\">De otra parte la directora del Inces Alejandrina Reyes manifest\u00f3 que estamos en la mejor disposici\u00f3n de establecer un plan de trabajo que nos permita desarrollar un intercambio de saberes de fortalecimiento de conocimientos de acreditaci\u00f3n, de investigaci\u00f3n, producci\u00f3n en conjunto dando adem\u00e1s la oportunidad de saldar una deuda que tenemos en la formaci\u00f3n en oficios vinculados a las artes audiovisuales. \u201cCreo que lleg\u00f3 el momento de invitar a j\u00f3venes y adultos a que se acerque al Inces y de manera gratuita se capaciten para brindar un respaldo a esta industria tan importante como es el cine nacional\u201d.<\/span><\/p>\n<p style=\"text-align: justify;\">\u00a0<\/p>\n<p style=\"text-align: justify;\"><span style=\"font-family: Arial,sans-serif;\">El fin \u00faltimo ser\u00eda la creaci\u00f3n de un plan nacional de creaci\u00f3n cinematogr\u00e1fica que pasa por la capacitaci\u00f3n de la mano de obra trabajadora, tanto en necesidades tradicionales del cine, como en nuevas modalidades dentro del oficio, ya que la cinematograf\u00eda es muy din\u00e1mica y de ella surgen permanentemente novedosas necesidades.<\/span><\/p>\n<p style=\"text-align: justify;\">\u00a0<\/p>\n<p style=\"text-align: justify;\"><span style=\"font-family: Arial,sans-serif;\">Para ello es indispensable un engranaje perfecto entre ambas organizaciones donde cada uno aporte sus fortalezas y de all\u00ed surjan bien planificados y estructurados planes de formaci\u00f3n y autoformaci\u00f3n productiva que faciliten la tarea \u00faltima, como es la formaci\u00f3n de nueva sangre sensible para abordar con inter\u00e9s y suficiencia tan delicado arte.<\/span><\/p>\n<p style=\"text-align: justify;\">\u00a0<\/p>\n<p style=\"text-align: justify;\"><span style=\"font-family: Arial,sans-serif;\">Visto que el cine es una suerte de identidad de los pueblos, un pa\u00eds responsable debe abogar por su permanencia y desarrollo para fortalecerse como naci\u00f3n con historia.<\/span><\/p>\n<p style=\"text-align: justify;\">\u00a0<\/p>\n<p style=\"text-align: justify;\"><span style=\"font-family: Arial,sans-serif;\">Este encuentro, cara a cara, trajo la planificaci\u00f3n de nuevas fechas en lo sucesivo, donde se abordar\u00e1n ejes tem\u00e1ticos y unidades curriculares para desarrollar los perfiles productivos que faciliten la tarea de los t\u00e9cnicos en formaci\u00f3n del Inces<\/span><\/p>\n<p style=\"text-align: justify;\">\u00a0<\/p>\n<p style=\"text-align: justify;\"><span style=\"font-family: Arial,sans-serif;\">El venidero encuentro est\u00e1 pautado para el viernes 8 de junio en las instalaciones del centro Gastron\u00f3mico Wad\u00e4ka donde ambas comitivas presentar\u00e1n los adelantos alcanzados y se acercar\u00e1n, sin duda, a un prop\u00f3sito fundamental: estructurar un acuerdo de cooperaci\u00f3n institucional que norme y le d\u00e9 permanencia a tan loables iniciativas.<\/span><\/p>\n<p style=\"text-align: justify;\">\u00a0<\/p>\n<p style=\"text-align: justify;\"><span style=\"font-family: Arial,sans-serif;\">La directora Estrat\u00e9gica del Inces dijo sentirse profundamente orgullosa de integrar esta iniciativa y comprometi\u00f3 a la instituci\u00f3n en el objetivo de alcanzar prontos resultados.<\/span><\/p>\n<p>&nbsp;<\/p>\n<p style=\"text-align: justify;\"><span style=\"font-family: Arial,sans-serif;\"><img loading=\"lazy\" decoding=\"async\" class=\"alignnone size-full wp-image-15641\" src=\"http:\/\/www.inces.gob.ve\/wp-content\/uploads\/2018\/06\/2ormar-trabajadores-.jpg\" alt=\"\" width=\"3648\" height=\"2432\" \/><\/span><\/p>\n<p style=\"text-align: justify;\"><span style=\"font-family: Arial,sans-serif;\">Cine Foro con la proyecci\u00f3n de la cinta: Almelina<\/span><\/p>\n<p style=\"text-align: justify;\">\u00a0<\/p>\n<p style=\"text-align: justify;\"><span style=\"font-family: Arial,sans-serif;\">El d\u00eda 15 de junio es la fecha seleccionada para proyectar la pel\u00edcula Almelina, dirigida y producida por Jorge Sol\u00e9, pieza audiovisual de 45 minutos de duraci\u00f3n, que ser\u00e1 objeto de an\u00e1lisis desde las 9 de la ma\u00f1ana de ese d\u00eda por parte de la comunidad Inces y el circundante punto y c\u00edrculo. Se comenta que no es una pel\u00edcula de terror, no es un policial. M\u00e1s se acerca a un \u201cdocudrama\u201d riguroso que golpea el alma e incentiva el esp\u00edritu cr\u00edtico y humano.<\/span><\/p>\n<p style=\"text-align: justify;\">\u00a0<\/p>\n<p><span style=\"font-family: Arial,sans-serif;\">\u00a0<\/span><\/p>\n<p style=\"text-align: justify;\">\u00a0<\/p>\n<p style=\"text-align: justify;\">\u00a0<\/p>\n","protected":false},"excerpt":{"rendered":"<p>** No bastar\u00e1 con la formaci\u00f3n en el arte audiovisual; se acreditar\u00e1n saberes emp\u00edricos, se adiestrar\u00e1n formadores y se nivelar\u00e1n como Bachilleres Productivos a los trabajadores de la industria que as\u00ed lo requieran \u00a0<\/p>\n","protected":false},"author":15,"featured_media":15642,"comment_status":"closed","ping_status":"closed","sticky":false,"template":"","format":"aside","meta":{"footnotes":""},"categories":[2],"tags":[],"class_list":["post-15639","post","type-post","status-publish","format-aside","has-post-thumbnail","hentry","category-blog","post_format-post-format-aside"],"_links":{"self":[{"href":"https:\/\/inces.gob.ve\/index.php\/wp-json\/wp\/v2\/posts\/15639","targetHints":{"allow":["GET"]}}],"collection":[{"href":"https:\/\/inces.gob.ve\/index.php\/wp-json\/wp\/v2\/posts"}],"about":[{"href":"https:\/\/inces.gob.ve\/index.php\/wp-json\/wp\/v2\/types\/post"}],"author":[{"embeddable":true,"href":"https:\/\/inces.gob.ve\/index.php\/wp-json\/wp\/v2\/users\/15"}],"replies":[{"embeddable":true,"href":"https:\/\/inces.gob.ve\/index.php\/wp-json\/wp\/v2\/comments?post=15639"}],"version-history":[{"count":1,"href":"https:\/\/inces.gob.ve\/index.php\/wp-json\/wp\/v2\/posts\/15639\/revisions"}],"predecessor-version":[{"id":34606,"href":"https:\/\/inces.gob.ve\/index.php\/wp-json\/wp\/v2\/posts\/15639\/revisions\/34606"}],"wp:featuredmedia":[{"embeddable":true,"href":"https:\/\/inces.gob.ve\/index.php\/wp-json\/"}],"wp:attachment":[{"href":"https:\/\/inces.gob.ve\/index.php\/wp-json\/wp\/v2\/media?parent=15639"}],"wp:term":[{"taxonomy":"category","embeddable":true,"href":"https:\/\/inces.gob.ve\/index.php\/wp-json\/wp\/v2\/categories?post=15639"},{"taxonomy":"post_tag","embeddable":true,"href":"https:\/\/inces.gob.ve\/index.php\/wp-json\/wp\/v2\/tags?post=15639"}],"curies":[{"name":"wp","href":"https:\/\/api.w.org\/{rel}","templated":true}]}}