{"id":15676,"date":"2018-06-05T07:57:22","date_gmt":"2018-06-05T13:57:22","guid":{"rendered":"http:\/\/www.inces.gob.ve\/?p=15676"},"modified":"2020-05-28T20:31:55","modified_gmt":"2020-05-29T00:31:55","slug":"aprendices-administracion-ventas-nueva-esparta-culminaron-estudios-incursionar-al-trabajo","status":"publish","type":"post","link":"https:\/\/inces.gob.ve\/index.php\/2018\/06\/05\/aprendices-administracion-ventas-nueva-esparta-culminaron-estudios-incursionar-al-trabajo\/","title":{"rendered":"Aprendices en Administraci\u00f3n y Ventas de Nueva Esparta culminaron sus estudios para incursionar al trabajo"},"content":{"rendered":"<p class=\"western\" style=\"text-align: justify;\"><span style=\"font-family: Arial,sans-serif;\"><span style=\"font-size: medium;\"><i><b>** Esta acci\u00f3n forma parte del programa Chamba Juvenil creado por el mandatario Nacional Nicol\u00e1s Maduro, y a su vez es impulsado por Wuikelman \u00c1ngel Paredes, presidente del Instituto <\/b><\/i><\/span><\/span><\/p>\n<p class=\"western\" style=\"text-align: justify;\"><!--more-->\n <\/p>\n<p class=\"western\" style=\"text-align: justify;\"><span style=\"font-family: Arial,sans-serif;\"><span style=\"font-size: medium;\"><b>Francis Moreno<\/b> | Nueva Esparta<\/span><\/span><\/p>\n<p class=\"western\" style=\"text-align: justify;\">\n <\/p>\n<p class=\"western\" style=\"text-align: justify;\"><span style=\"font-family: Arial,sans-serif;\"><span style=\"font-size: medium;\">Un total de 11 j\u00f3venes neoespartanos culminaron con \u00e9xito los requerimientos exigidos por el Instituto Nacional de Capacitaci\u00f3n y Formaci\u00f3n Socialista (Inces), en las \u00e1reas de Asistente Administrativo y Ventas, y se perfilan al mercado laboral.<\/span><\/span><\/p>\n<p>&nbsp;<\/p>\n<p class=\"western\" style=\"text-align: justify;\"><span style=\"font-family: Arial,sans-serif;\"><span style=\"font-size: medium;\">De esa manera lo se\u00f1al\u00f3 Alex Andarcia, gerente regional del instituto socialista, tras apuntar sentirse satisfecho por cuanto los muchachos han logrado finalizar una etapa de sus vidas mediante el Programa de Formaci\u00f3n Nacional de Aprendizaje. A partir de ahora podr\u00e1n incursionar en el campo laboral.<\/span><\/span><\/p>\n<p>&nbsp;<\/p>\n<p class=\"western\" style=\"text-align: justify;\"><span style=\"font-family: Arial,sans-serif;\"><span style=\"font-size: medium;\">Diana Vieitis, quien se desempe\u00f1\u00f3 en la rama de Asistente Administrativo durante tres a\u00f1os, indic\u00f3 que sus estudios le servir\u00e1n para trabajar con el p\u00fablico. Manifest\u00f3 sentirse contenta por la oportunidad que le ofreci\u00f3 el instituto y la empresa donde adquiri\u00f3 sus conocimientos. <\/span><\/span><\/p>\n<p>&nbsp;<\/p>\n<p class=\"western\" style=\"text-align: justify;\"><span style=\"font-family: Arial,sans-serif;\"><span style=\"font-size: medium;\">De manera similar Ysabellys Tarache, expres\u00f3 que: \u201cestamos contentos porque finalizamos una etapa en nuestras vidas y como reci\u00e9n graduada en el \u00e1rea de ventas, sentimos un gran apoyo y gratitud por el aprendizaje que adquirimos a trav\u00e9s de la oportunidad que se nos brind\u00f3 para ejercer en lo laboral de manera profesional\u201d. <\/span><\/span><\/p>\n<p>&nbsp;<\/p>\n<p class=\"western\" style=\"text-align: justify;\"><span style=\"font-family: Arial,sans-serif;\"><span style=\"font-size: medium;\">Para finalizar Alex Andarcia, gerente regional del Inces subray\u00f3 que esta iniciativa forma parte del Pllan Chamba Juvenil creado por el mandatario Nacional Nicol\u00e1s Maduro, y a su vez impulsado por Wuikelman \u00c1ngel Paredes, presidente del Instituto formador con el fin de que la juventud pueda desarrollarse profesionalmente.<\/span><\/span><\/p>\n<p>&nbsp;<\/p>\n<p class=\"western\" style=\"text-align: justify;\"><span style=\"font-family: Arial,sans-serif;\"><span style=\"font-size: medium;\">Foto: Tony Ugas<\/span><\/span><\/p>\n<p class=\"western\" style=\"text-align: justify;\">\n <\/p>\n<p class=\"western\" style=\"text-align: justify;\">\n <\/p>\n","protected":false},"excerpt":{"rendered":"<p>** Esta acci\u00f3n forma parte del programa Chamba Juvenil creado por el mandatario Nacional Nicol\u00e1s Maduro, y a su vez es impulsado por Wuikelman \u00c1ngel Paredes, presidente del Instituto<\/p>\n","protected":false},"author":15,"featured_media":15677,"comment_status":"closed","ping_status":"closed","sticky":false,"template":"","format":"aside","meta":{"footnotes":""},"categories":[2],"tags":[],"class_list":["post-15676","post","type-post","status-publish","format-aside","has-post-thumbnail","hentry","category-blog","post_format-post-format-aside"],"_links":{"self":[{"href":"https:\/\/inces.gob.ve\/index.php\/wp-json\/wp\/v2\/posts\/15676","targetHints":{"allow":["GET"]}}],"collection":[{"href":"https:\/\/inces.gob.ve\/index.php\/wp-json\/wp\/v2\/posts"}],"about":[{"href":"https:\/\/inces.gob.ve\/index.php\/wp-json\/wp\/v2\/types\/post"}],"author":[{"embeddable":true,"href":"https:\/\/inces.gob.ve\/index.php\/wp-json\/wp\/v2\/users\/15"}],"replies":[{"embeddable":true,"href":"https:\/\/inces.gob.ve\/index.php\/wp-json\/wp\/v2\/comments?post=15676"}],"version-history":[{"count":1,"href":"https:\/\/inces.gob.ve\/index.php\/wp-json\/wp\/v2\/posts\/15676\/revisions"}],"predecessor-version":[{"id":34602,"href":"https:\/\/inces.gob.ve\/index.php\/wp-json\/wp\/v2\/posts\/15676\/revisions\/34602"}],"wp:featuredmedia":[{"embeddable":true,"href":"https:\/\/inces.gob.ve\/index.php\/wp-json\/"}],"wp:attachment":[{"href":"https:\/\/inces.gob.ve\/index.php\/wp-json\/wp\/v2\/media?parent=15676"}],"wp:term":[{"taxonomy":"category","embeddable":true,"href":"https:\/\/inces.gob.ve\/index.php\/wp-json\/wp\/v2\/categories?post=15676"},{"taxonomy":"post_tag","embeddable":true,"href":"https:\/\/inces.gob.ve\/index.php\/wp-json\/wp\/v2\/tags?post=15676"}],"curies":[{"name":"wp","href":"https:\/\/api.w.org\/{rel}","templated":true}]}}