{"id":15679,"date":"2018-06-05T08:03:24","date_gmt":"2018-06-05T14:03:24","guid":{"rendered":"http:\/\/www.inces.gob.ve\/?p=15679"},"modified":"2020-05-28T20:31:55","modified_gmt":"2020-05-29T00:31:55","slug":"inces-tachira-trabaja-fortalecimiento-del-motor-agrolimentario","status":"publish","type":"post","link":"https:\/\/inces.gob.ve\/index.php\/2018\/06\/05\/inces-tachira-trabaja-fortalecimiento-del-motor-agrolimentario\/","title":{"rendered":"Inces T\u00e1chira trabaja en el fortalecimiento del motor agroalimentario"},"content":{"rendered":"<p class=\"western\" style=\"text-align: justify;\" align=\"center\"><i><b><span style=\"font-family: Nimbus Roman No9 L,Times New Roman,serif;\"><span style=\"font-size: medium;\"><span lang=\"es-ES\">**<\/span><\/span><\/span> <span style=\"font-family: Arial,sans-serif;\"><span style=\"font-size: large;\"><span lang=\"es-ES\">Involucrando a j\u00f3venes al trabajo productivo<\/span><\/span><\/span><\/b><\/i><\/p>\n<p align=\"center\">\u00a0<\/p>\n<p class=\"western\" style=\"text-align: justify;\" align=\"center\"><!--more--><\/p>\n<p class=\"western\" style=\"text-align: justify;\" align=\"justify\"><span style=\"font-family: Arial,sans-serif;\"><span style=\"font-size: medium;\"><span lang=\"es-ES\"><b>Andrea Caballero| Tachira.- <\/b><\/span><\/span><\/span><\/p>\n<p>&nbsp;<\/p>\n<p class=\"western\" style=\"text-align: justify;\"><span style=\"font-family: Arial,sans-serif;\">La gerencia regional del Inces T\u00e1chira junto al Programa Agr\u00edcola Ezequiel Zamora realiza convenios con el Ministerio del Poder Popular para la Educaci\u00f3n T\u00e1chira para llevar el programa Todas las Manos a la Siembra a las instituciones del estado y beneficiar al personal docente, obrero, administrativo y ni\u00f1os de los diferentes centros educativos.<\/span><\/p>\n<p class=\"western\" style=\"text-align: justify;\">\u00a0<\/p>\n<p class=\"western\" style=\"text-align: justify;\"><span style=\"font-family: Arial,sans-serif;\">Geovanni Gonz\u00e1lez, gerente regional del Inces T\u00e1chira destaca la labor que viene realizando el Inces con el programa agroalimentario y Todas las Manos a la Siembra, en el que se busca beneficiar al pueblo tachirense y a su vez formar e incentivar a la poblaci\u00f3n a sembrar en sus propios hogares \u201ccomo no hacerlo desde las instituciones educativas en donde se forma el futuro del pa\u00eds, hay que inculcarles a los m\u00e1s peque\u00f1os el amor por lo nuestro y por qu\u00e9 no hacerlo con la siembra de vegetales y hortalizas que es uno de los principales rubros para la alimentaci\u00f3n sana y balanceada\u201d.<\/span><\/p>\n<p class=\"western\" style=\"text-align: justify;\">\u00a0<\/p>\n<p class=\"western\" style=\"text-align: justify;\"><span style=\"font-family: Arial,sans-serif;\">Todas las Manos a la Siembra <\/span><\/p>\n<p class=\"western\" style=\"text-align: justify;\">\u00a0<\/p>\n<p class=\"western\" style=\"text-align: justify;\"><span style=\"font-family: Arial,sans-serif;\">Fortaleciendo el motor agroalimentario el formador Luis Contreras en representaci\u00f3n del Programa Agr\u00edcola del Inces T\u00e1chira, da inicio a la actividad Todas las Manos a la Siembra 2018 en la escuela Bolivariana La Alianza, en el que se sembraron alrededor de 15 plantas de bananos, 20 matas de caf\u00e9, 2 mandarinos, espinacas, ma\u00edz, remolacha y plantas arom\u00e1ticas como romero, or\u00e9gano, Atamel, menta, entre otras, en donde particip\u00f3 el personal docente y obrero con el acondicionamiento del terreno para que los ni\u00f1os fueran los encargados de plantar cada una de las especies vegetales.<\/span><\/p>\n<p>&nbsp;<\/p>\n<p class=\"western\" style=\"text-align: justify;\"><span style=\"font-family: Arial,sans-serif;\"><img loading=\"lazy\" decoding=\"async\" class=\"size-full wp-image-15680 aligncenter\" src=\"http:\/\/www.inces.gob.ve\/wp-content\/uploads\/2018\/06\/2trabajo-productivo.jpeg\" alt=\"\" width=\"850\" height=\"637\" \/><\/span><\/p>\n<p class=\"western\" style=\"text-align: justify;\">\u00a0<\/p>\n<p class=\"western\" style=\"text-align: justify;\">\u201c<span style=\"font-family: Arial,sans-serif;\">Seguimos adelante con lo que tenemos a la mano y luchamos para seguir generando alimentos y producir alimentos para el pueblo\u201d manifest\u00f3 Contreras, destacando el trabajo fundamental del Inces a trav\u00e9s de sus cursos formativos y charlas informativas.<\/span><\/p>\n<p class=\"western\" style=\"text-align: justify;\">\u00a0<\/p>\n<p class=\"western\" style=\"text-align: justify;\"><span style=\"font-family: Arial,sans-serif;\">Para concluir, Geovanni hace un llamado al pueblo tachirense a tomar conciencia .- Solo con nuestra participaci\u00f3n podemos lograr la independencia econ\u00f3mica a trav\u00e9s del trabajo liberador donde el pueblo venezolano sea el sujeto protag\u00f3nico de esa liberaci\u00f3n econ\u00f3mica a la que todos tenemos derecho seg\u00fan lo establece las diferentes leyes org\u00e1nicas de nuestro pa\u00eds\u201d <\/span><\/p>\n<p class=\"western\" style=\"text-align: justify;\"><span style=\"font-family: Arial,sans-serif;\">Andrea Caballero<\/span><\/p>\n<p class=\"western\" style=\"text-align: justify;\"><span style=\"font-family: Arial,sans-serif;\">Periodista Inces T\u00e1chira <\/span><\/p>\n","protected":false},"excerpt":{"rendered":"<p>** Involucrando a j\u00f3venes al trabajo productivo \u00a0<\/p>\n","protected":false},"author":15,"featured_media":15681,"comment_status":"closed","ping_status":"closed","sticky":false,"template":"","format":"aside","meta":{"footnotes":""},"categories":[2],"tags":[],"class_list":["post-15679","post","type-post","status-publish","format-aside","has-post-thumbnail","hentry","category-blog","post_format-post-format-aside"],"_links":{"self":[{"href":"https:\/\/inces.gob.ve\/index.php\/wp-json\/wp\/v2\/posts\/15679","targetHints":{"allow":["GET"]}}],"collection":[{"href":"https:\/\/inces.gob.ve\/index.php\/wp-json\/wp\/v2\/posts"}],"about":[{"href":"https:\/\/inces.gob.ve\/index.php\/wp-json\/wp\/v2\/types\/post"}],"author":[{"embeddable":true,"href":"https:\/\/inces.gob.ve\/index.php\/wp-json\/wp\/v2\/users\/15"}],"replies":[{"embeddable":true,"href":"https:\/\/inces.gob.ve\/index.php\/wp-json\/wp\/v2\/comments?post=15679"}],"version-history":[{"count":1,"href":"https:\/\/inces.gob.ve\/index.php\/wp-json\/wp\/v2\/posts\/15679\/revisions"}],"predecessor-version":[{"id":34601,"href":"https:\/\/inces.gob.ve\/index.php\/wp-json\/wp\/v2\/posts\/15679\/revisions\/34601"}],"wp:featuredmedia":[{"embeddable":true,"href":"https:\/\/inces.gob.ve\/index.php\/wp-json\/"}],"wp:attachment":[{"href":"https:\/\/inces.gob.ve\/index.php\/wp-json\/wp\/v2\/media?parent=15679"}],"wp:term":[{"taxonomy":"category","embeddable":true,"href":"https:\/\/inces.gob.ve\/index.php\/wp-json\/wp\/v2\/categories?post=15679"},{"taxonomy":"post_tag","embeddable":true,"href":"https:\/\/inces.gob.ve\/index.php\/wp-json\/wp\/v2\/tags?post=15679"}],"curies":[{"name":"wp","href":"https:\/\/api.w.org\/{rel}","templated":true}]}}