{"id":15690,"date":"2018-06-06T07:57:34","date_gmt":"2018-06-06T13:57:34","guid":{"rendered":"http:\/\/www.inces.gob.ve\/?p=15690"},"modified":"2020-05-28T20:31:55","modified_gmt":"2020-05-29T00:31:55","slug":"bolivar-beneficia-trabajadores-del-palacio-justicia-jornada-salud","status":"publish","type":"post","link":"https:\/\/inces.gob.ve\/index.php\/2018\/06\/06\/bolivar-beneficia-trabajadores-del-palacio-justicia-jornada-salud\/","title":{"rendered":"Bol\u00edvar beneficia a trabajadores del Palacio de Justicia con jornada de salud"},"content":{"rendered":"<p class=\"western\" style=\"text-align: justify;\"><span style=\"font-family: Arial,sans-serif;\"><i><b>** Ex\u00e1menes de laboratorio, optometr\u00eda, odontolog\u00eda, oftalmolog\u00eda y medicina en general, fueron los servicios m\u00e9dicos ofrecidos<\/b><\/i><\/span><\/p>\n<p class=\"western\" style=\"text-align: justify;\"><!--more-->\n <\/p>\n<p class=\"western\" style=\"text-align: justify;\"><span style=\"font-family: Arial,sans-serif;\"><b>Jos\u00e9 Gregorio Su\u00e1rez |<\/b> Bol\u00edvar<\/span><\/p>\n<p class=\"western\" style=\"text-align: justify;\">\n <\/p>\n<p class=\"western\" style=\"text-align: justify;\"><span style=\"font-family: Arial,sans-serif;\">M\u00e1s de 500 trabajadores recibieron atenci\u00f3n m\u00e9dico-asistencial durante una jornada integral realizada este mi\u00e9rcoles en las instalaciones del Palacio de Justicia en Puerto Ordaz.<\/span><\/p>\n<p>&nbsp;<\/p>\n<p class=\"western\" style=\"text-align: justify;\"><span style=\"font-family: Arial,sans-serif;\">El operativo realizado desde las 9:30 de la ma\u00f1ana hasta las 3:00 de la tarde fue organizado por la coordinadora de Atenci\u00f3n a la Ciudadan\u00eda, Ylyimary Hern\u00e1ndez con el objetivo de atender las solicitudes de atenci\u00f3n m\u00e9dica en la semana del trabajador tribunalicio.<\/span><\/p>\n<p>&nbsp;<\/p>\n<p class=\"western\" style=\"text-align: justify;\"><span style=\"font-family: Arial,sans-serif;\">Entre los servicios ofrecidos durante la jornada destacan consultas m\u00e9dicas en las especialidades de medicina general, oftalmolog\u00eda, odontolog\u00eda, optometr\u00eda y laboratorio.<\/span><\/p>\n<p style=\"text-align: justify;\">\u00a0<\/p>\n<p><img loading=\"lazy\" decoding=\"async\" class=\"size-full wp-image-15692\" src=\"http:\/\/www.inces.gob.ve\/wp-content\/uploads\/2018\/06\/1jornada-de-salud.jpg\" alt=\"\" width=\"850\" height=\"638\" \/><\/p>\n<p class=\"western\" style=\"text-align: justify;\"><span style=\"font-family: Arial,sans-serif;\">Hern\u00e1ndez expres\u00f3 \u201cen el Inces brindamos toda la atenci\u00f3n requerida por nuestras comunidades y instituciones p\u00fablicas, con el fin de impulsar el Motor Salud\u201d.<\/span><\/p>\n<p>&nbsp;<\/p>\n<p class=\"western\" style=\"text-align: justify;\"><span style=\"font-family: Arial,sans-serif;\">Por su parte, Jackelin Berm\u00fadez,empleada del departamento del circuito laboral con 15 a\u00f1os de servicio en el palacio judicial de Puerto Ordaz, asever\u00f3 que con estas acciones se fortalecen las alianzas institucionales.<\/span><\/p>\n<p class=\"western\" style=\"text-align: justify;\">\n <\/p>\n","protected":false},"excerpt":{"rendered":"<p>** Ex\u00e1menes de laboratorio, optometr\u00eda, odontolog\u00eda, oftalmolog\u00eda y medicina en general, fueron los servicios m\u00e9dicos ofrecidos<\/p>\n","protected":false},"author":15,"featured_media":15691,"comment_status":"closed","ping_status":"closed","sticky":false,"template":"","format":"aside","meta":{"footnotes":""},"categories":[2],"tags":[],"class_list":["post-15690","post","type-post","status-publish","format-aside","has-post-thumbnail","hentry","category-blog","post_format-post-format-aside"],"_links":{"self":[{"href":"https:\/\/inces.gob.ve\/index.php\/wp-json\/wp\/v2\/posts\/15690","targetHints":{"allow":["GET"]}}],"collection":[{"href":"https:\/\/inces.gob.ve\/index.php\/wp-json\/wp\/v2\/posts"}],"about":[{"href":"https:\/\/inces.gob.ve\/index.php\/wp-json\/wp\/v2\/types\/post"}],"author":[{"embeddable":true,"href":"https:\/\/inces.gob.ve\/index.php\/wp-json\/wp\/v2\/users\/15"}],"replies":[{"embeddable":true,"href":"https:\/\/inces.gob.ve\/index.php\/wp-json\/wp\/v2\/comments?post=15690"}],"version-history":[{"count":1,"href":"https:\/\/inces.gob.ve\/index.php\/wp-json\/wp\/v2\/posts\/15690\/revisions"}],"predecessor-version":[{"id":34599,"href":"https:\/\/inces.gob.ve\/index.php\/wp-json\/wp\/v2\/posts\/15690\/revisions\/34599"}],"wp:featuredmedia":[{"embeddable":true,"href":"https:\/\/inces.gob.ve\/index.php\/wp-json\/"}],"wp:attachment":[{"href":"https:\/\/inces.gob.ve\/index.php\/wp-json\/wp\/v2\/media?parent=15690"}],"wp:term":[{"taxonomy":"category","embeddable":true,"href":"https:\/\/inces.gob.ve\/index.php\/wp-json\/wp\/v2\/categories?post=15690"},{"taxonomy":"post_tag","embeddable":true,"href":"https:\/\/inces.gob.ve\/index.php\/wp-json\/wp\/v2\/tags?post=15690"}],"curies":[{"name":"wp","href":"https:\/\/api.w.org\/{rel}","templated":true}]}}