{"id":15703,"date":"2018-06-06T09:43:08","date_gmt":"2018-06-06T15:43:08","guid":{"rendered":"http:\/\/www.inces.gob.ve\/?p=15703"},"modified":"2020-05-28T20:31:55","modified_gmt":"2020-05-29T00:31:55","slug":"bachillerato-perfil-productivo-posible-inces-vargas","status":"publish","type":"post","link":"https:\/\/inces.gob.ve\/index.php\/2018\/06\/06\/bachillerato-perfil-productivo-posible-inces-vargas\/","title":{"rendered":"Bachillerato con perfil productivo es posible en Inces Vargas"},"content":{"rendered":"<p class=\"western\" style=\"text-align: justify;\"><span style=\"font-family: Arial,sans-serif;\"><span style=\"font-size: medium;\"><i><b>** Participantes de la Unidad Educativa desarrollan su perfil productivo en el \u00e1rea Agr\u00edcola en los espacios para tal fin del Inces Vargas. Se trata de un proyecto agr\u00edcola urbano<\/b><\/i><\/span><\/span><\/p>\n<p>&nbsp;<\/p>\n<p class=\"western\" style=\"text-align: justify;\"><!--more--><\/p>\n<p class=\"western\" style=\"text-align: justify;\"><span style=\"font-family: Arial,sans-serif;\"><span style=\"font-size: medium;\"><b>Zuvalqui Duarte<\/b> | Vargas<\/span><\/span><\/p>\n<p>&nbsp;<\/p>\n<p class=\"western\" style=\"text-align: justify;\"><span style=\"font-family: Arial,sans-serif;\"><span style=\"font-size: medium;\">El Inces Vargas ofrece la oportunidad de ser bachiller con un perfil productivo y permite mejorar conocimientos t\u00e9cnicos en un oficio para integrarse al campo laboral o conformar unidades de producci\u00f3n comunal o social. El bachillerato productivo abre la oportunidad de proseguir estudios superiores en las universidades p\u00fablicas o privadas de preferencia.<\/span><\/span><\/p>\n<p style=\"text-align: justify;\">Teresa Cartagena responsable de Formaci\u00f3n Profesional en el Inces Vargas destac\u00f3: \u201cen el estado, las clases son impartidas en las Unidades Educativas Inces, ubicadas en U.E. Juan Jos\u00e9 Mendoza en la parroquia Caraballeda y en el Liceo B\u00e1sico Ant\u00f3n Makarenko en la Parroquia Urimare\u201d. Tambi\u00e9n se\u00f1alo que la profesora Migdalia Alvarado es la coordinadora estadal de la Unidad Educativa Media General.<\/p>\n<p>&nbsp;<\/p>\n<p style=\"text-align: justify;\"><img loading=\"lazy\" decoding=\"async\" class=\"size-full wp-image-15705 aligncenter\" src=\"http:\/\/www.inces.gob.ve\/wp-content\/uploads\/2018\/06\/3.jpg\" alt=\"\" width=\"850\" height=\"638\" \/><\/p>\n<p class=\"western\" style=\"text-align: justify;\"><span style=\"font-family: Arial,sans-serif;\"><span style=\"font-size: medium;\">Los participantes de la Unidad Educativa Juan Jos\u00e9 Mendoza desarrollan su perfil productivo en el \u00e1rea agr\u00edcola en los espacios del Inces Vargas, all\u00ed iniciaron un proyecto de agricultura urbana con la responsable del CFS Inces Huayra Raquel Torres y la PTP Luis Oliveros. En una primera jornada realizaron limpieza y desmalezamiento del espacio. Lla visi\u00f3n es preparar el suelo con abono org\u00e1nico obtenido de la preparaci\u00f3n de un compost para iniciar el proceso de sembrar.<\/span><\/span><\/p>\n<p style=\"text-align: justify;\">Para formar parte de las Unidades Educativas es necesario asistir a la sede del Inces Vargas en Camurichico o Inces Urimare en la Urb. Playa Grande (detr\u00e1s de la cancha de paz), tener 15 a\u00f1os o m\u00e1s y estar desvinculado del sistema educativo o haber repetido el mismo grado en dos ocasiones. Los requisitos a consignar son: partida de nacimiento (original y copia), c\u00e9dula de identidad, dos fotograf\u00edas tipo carnet, constancia o comprobante de aprobaci\u00f3n del 6to grado y certificado de calificaciones.<\/p>\n<p>&nbsp;<\/p>\n<p style=\"text-align: justify;\"><img loading=\"lazy\" decoding=\"async\" class=\"size-full wp-image-15707 aligncenter\" src=\"http:\/\/www.inces.gob.ve\/wp-content\/uploads\/2018\/06\/1-Vargas-Bachillerato-P-6.6.18.jpg\" alt=\"\" width=\"850\" height=\"638\" \/><\/p>\n","protected":false},"excerpt":{"rendered":"<p>** Participantes de la Unidad Educativa desarrollan su perfil productivo en el \u00e1rea Agr\u00edcola en los espacios para tal fin del Inces Vargas. Se trata de un proyecto agr\u00edcola urbano &nbsp;<\/p>\n","protected":false},"author":15,"featured_media":15706,"comment_status":"closed","ping_status":"closed","sticky":false,"template":"","format":"aside","meta":{"footnotes":""},"categories":[2],"tags":[],"class_list":["post-15703","post","type-post","status-publish","format-aside","has-post-thumbnail","hentry","category-blog","post_format-post-format-aside"],"_links":{"self":[{"href":"https:\/\/inces.gob.ve\/index.php\/wp-json\/wp\/v2\/posts\/15703","targetHints":{"allow":["GET"]}}],"collection":[{"href":"https:\/\/inces.gob.ve\/index.php\/wp-json\/wp\/v2\/posts"}],"about":[{"href":"https:\/\/inces.gob.ve\/index.php\/wp-json\/wp\/v2\/types\/post"}],"author":[{"embeddable":true,"href":"https:\/\/inces.gob.ve\/index.php\/wp-json\/wp\/v2\/users\/15"}],"replies":[{"embeddable":true,"href":"https:\/\/inces.gob.ve\/index.php\/wp-json\/wp\/v2\/comments?post=15703"}],"version-history":[{"count":1,"href":"https:\/\/inces.gob.ve\/index.php\/wp-json\/wp\/v2\/posts\/15703\/revisions"}],"predecessor-version":[{"id":34597,"href":"https:\/\/inces.gob.ve\/index.php\/wp-json\/wp\/v2\/posts\/15703\/revisions\/34597"}],"wp:featuredmedia":[{"embeddable":true,"href":"https:\/\/inces.gob.ve\/index.php\/wp-json\/"}],"wp:attachment":[{"href":"https:\/\/inces.gob.ve\/index.php\/wp-json\/wp\/v2\/media?parent=15703"}],"wp:term":[{"taxonomy":"category","embeddable":true,"href":"https:\/\/inces.gob.ve\/index.php\/wp-json\/wp\/v2\/categories?post=15703"},{"taxonomy":"post_tag","embeddable":true,"href":"https:\/\/inces.gob.ve\/index.php\/wp-json\/wp\/v2\/tags?post=15703"}],"curies":[{"name":"wp","href":"https:\/\/api.w.org\/{rel}","templated":true}]}}