{"id":15726,"date":"2018-06-06T13:48:36","date_gmt":"2018-06-06T19:48:36","guid":{"rendered":"http:\/\/www.inces.gob.ve\/?p=15726"},"modified":"2020-05-28T20:31:55","modified_gmt":"2020-05-29T00:31:55","slug":"mtp-agricolas-llevan-programa-todas-las-manos-la-siembra-al-juan-bosh","status":"publish","type":"post","link":"https:\/\/inces.gob.ve\/index.php\/2018\/06\/06\/mtp-agricolas-llevan-programa-todas-las-manos-la-siembra-al-juan-bosh\/","title":{"rendered":"Maestros agr\u00edcolas llevan programa \u201cTodas las manos a la siembra\u201d al Juan Bosh"},"content":{"rendered":"<p class=\"western\" style=\"text-align: justify;\"><span style=\"font-size: medium;\"><em><span style=\"font-family: Arial,sans-serif;\"><b>** La discapacidad no es l\u00edmite para los ni\u00f1os y ni\u00f1as del colegio Juan Bosh quienes con apoyo de los maestros t\u00e9cnicosproductivos del Inces Vargas mantienen activo el motor Agroalimentario <br \/>\n<\/b><\/span><\/em><\/span><\/p>\n<p class=\"western\" style=\"text-align: justify;\"><!--more--><\/p>\n<p class=\"western\" style=\"text-align: justify;\"><span style=\"font-family: Arial,sans-serif;\"><span style=\"font-size: medium;\"><b>PRENSA VARGAS <\/b>l Vargas<\/span><\/span><\/p>\n<p>&nbsp;<\/p>\n<p class=\"western\" style=\"text-align: justify;\"><span style=\"font-family: Arial,sans-serif;\"><span style=\"font-size: medium;\">El programa \u201cTodas las manos a la siembra\u201d, desarrollado por los maestros t\u00e9cnicos productivos Carmen Oropeza y Jos\u00e9 Gregorio M\u00e1rquez cautiva a los <strong>ni\u00f1os y ni\u00f1as especiales<\/strong> del Centro Integral Bolivariano (CIB) Juan Bosh, de la parroquia <strong>Carayaca.<\/strong><\/span><\/span><\/p>\n<p class=\"western\" style=\"text-align: justify;\">\u00a0<\/p>\n<p class=\"western\" style=\"text-align: justify;\"><span style=\"font-family: Arial,sans-serif;\"><span style=\"font-size: medium;\">Ni\u00f1os especiales del CIB con discapacidad intelectual desarrollan la agricultura urbana y siembran de hortalizas al igual que el personal administrativo, obreros y maestros.<\/span><\/span><\/p>\n<p>&nbsp;<\/p>\n<p class=\"western\" style=\"text-align: justify;\"><span style=\"font-family: Arial,sans-serif;\"><span style=\"font-size: medium;\">Yusmeri Romero, docente y coordinadora del programa \u201cTodas las manos a la siembra\u201d por la unidad educativa, alab\u00f3 la extraordinaria labor interinstitucional que se adelanta en la escuela. <br \/>\n<\/span><\/span><\/p>\n<p>&nbsp;<\/p>\n<p class=\"western\" style=\"text-align: justify;\"><span style=\"font-family: Arial,sans-serif;\"><span style=\"font-size: medium;\">Los maestros han integrado a esta poblaci\u00f3n de ni\u00f1os con discapacidad en diversas \u00e1reas de la agricultura. Con los grupos de inicial y b\u00e1sica tienen conformados los conucos en donde tienen plantaciones de <strong>ocumo chino, \u00f1ame, batata, piment\u00f3n, aj\u00ed, pi\u00f1a, cilantro, auyama, lechosa, chayota y tomates.<\/strong> <\/span><\/span><\/p>\n<p class=\"western\" style=\"text-align: justify;\"><span style=\"font-family: Arial,sans-serif;\"><span style=\"font-size: medium;\">Con el grupo de bachillerato, que comprende las edades de 15 a 45 a\u00f1os, desarrollan actividades como<strong> elaboraci\u00f3n de trampas ecol\u00f3gicas de colores, plaguicidas naturales, fertilizantes a base de c\u00e1scaras de huevos, conchas de cambur y humus de lombrices<\/strong>, tambi\u00e9n realizan deshidrataci\u00f3n de plantas medicinales.<\/span><\/span><\/p>\n<p>&nbsp;<\/p>\n<p class=\"western\" style=\"text-align: justify;\"><span style=\"font-family: Arial,sans-serif;\"><span style=\"font-size: medium;\">Adem\u00e1s cuentan con un reservorio de semillas con las cuales pretenden elaborar adobo artesanal en una segunda fase. Estos estudiantes mantienen el lombricario y compostero del colegio, integrando a los ni\u00f1os m\u00e1s peque\u00f1os; as\u00ed mismo forman a los representantes en los diferentes procesos para que conozcan el trabajo que ellos realizan a diario con los MTP y docente, esto como m\u00e9todo de integraci\u00f3n a la familia.<\/span><\/span><\/p>\n<p>&nbsp;<\/p>\n<p class=\"western\" style=\"text-align: justify;\"><span style=\"font-family: Arial,sans-serif;\"><span style=\"font-size: medium;\">Tienen un \u00e1rea de plantas medicinales denominado \u00bb Los remedios de la abuela Luisa\u00bb donde se visualizan plantas como la <strong>menta, or\u00e9gano, malojillo, an\u00eds, atamel, toronjil <\/strong>entre otras.<\/span><\/span><\/p>\n<p class=\"western\" style=\"text-align: justify;\">\u00a0<\/p>\n","protected":false},"excerpt":{"rendered":"<p>** La discapacidad no es l\u00edmite para los ni\u00f1os y ni\u00f1as del colegio Juan Bosh quienes con apoyo de los maestros t\u00e9cnicosproductivos del Inces Vargas mantienen activo el motor Agroalimentario<\/p>\n","protected":false},"author":15,"featured_media":15727,"comment_status":"closed","ping_status":"closed","sticky":false,"template":"","format":"aside","meta":{"footnotes":""},"categories":[2],"tags":[],"class_list":["post-15726","post","type-post","status-publish","format-aside","has-post-thumbnail","hentry","category-blog","post_format-post-format-aside"],"_links":{"self":[{"href":"https:\/\/inces.gob.ve\/index.php\/wp-json\/wp\/v2\/posts\/15726","targetHints":{"allow":["GET"]}}],"collection":[{"href":"https:\/\/inces.gob.ve\/index.php\/wp-json\/wp\/v2\/posts"}],"about":[{"href":"https:\/\/inces.gob.ve\/index.php\/wp-json\/wp\/v2\/types\/post"}],"author":[{"embeddable":true,"href":"https:\/\/inces.gob.ve\/index.php\/wp-json\/wp\/v2\/users\/15"}],"replies":[{"embeddable":true,"href":"https:\/\/inces.gob.ve\/index.php\/wp-json\/wp\/v2\/comments?post=15726"}],"version-history":[{"count":1,"href":"https:\/\/inces.gob.ve\/index.php\/wp-json\/wp\/v2\/posts\/15726\/revisions"}],"predecessor-version":[{"id":34593,"href":"https:\/\/inces.gob.ve\/index.php\/wp-json\/wp\/v2\/posts\/15726\/revisions\/34593"}],"wp:featuredmedia":[{"embeddable":true,"href":"https:\/\/inces.gob.ve\/index.php\/wp-json\/"}],"wp:attachment":[{"href":"https:\/\/inces.gob.ve\/index.php\/wp-json\/wp\/v2\/media?parent=15726"}],"wp:term":[{"taxonomy":"category","embeddable":true,"href":"https:\/\/inces.gob.ve\/index.php\/wp-json\/wp\/v2\/categories?post=15726"},{"taxonomy":"post_tag","embeddable":true,"href":"https:\/\/inces.gob.ve\/index.php\/wp-json\/wp\/v2\/tags?post=15726"}],"curies":[{"name":"wp","href":"https:\/\/api.w.org\/{rel}","templated":true}]}}