{"id":15792,"date":"2018-06-08T11:59:26","date_gmt":"2018-06-08T17:59:26","guid":{"rendered":"http:\/\/www.inces.gob.ve\/?p=15792"},"modified":"2020-05-28T20:33:25","modified_gmt":"2020-05-29T00:33:25","slug":"ruta-del-pan-atiende-sectores-mas-desposeidos-del-estado-vargas","status":"publish","type":"post","link":"https:\/\/inces.gob.ve\/index.php\/2018\/06\/08\/ruta-del-pan-atiende-sectores-mas-desposeidos-del-estado-vargas\/","title":{"rendered":"\u201cRuta del pan\u201d atiende a sectores m\u00e1s despose\u00eddos del estado Vargas"},"content":{"rendered":"<p class=\"western\" style=\"text-align: justify;\"><span style=\"font-family: Arial,sans-serif;\"><span style=\"font-size: medium;\"><b>**Con la finalidad de dar respuestas a las comunidades y enfrentar la cruel guerra econ\u00f3mica que ataca inclemente al pueblo venezolano, el Frente de Panaderos y Panaderas del estado Vargas ha desplegado durante el 2018 la \u201cRuta del pan\u201d el cual atiende a diversos sectores de la entidad costera.<\/b><\/span><\/span><!--more--><\/p>\n<p style=\"text-align: justify;\">\u00a0<\/p>\n<p class=\"western\"><span style=\"font-family: Arial,sans-serif;\"><span style=\"font-size: medium;\"><b>ZUVALQUI DUARTE<\/b><\/span><\/span>| Vargas<\/p>\n<p>&nbsp;<\/p>\n<p class=\"western\" style=\"text-align: justify;\"><span style=\"font-family: Arial,sans-serif;\"><span style=\"font-size: medium;\">La acci\u00f3n ha beneficiado a comunidades tales como Galip\u00e1n, Tarma, Puerto Cruz, Puerto Maya, Las Tunitas, La Esperanza, Carayaca, entidades de trabajo como Corpoelec, Cantv, Ministerio del Poder Popular para las Comunas, hospitales y escuelas de la regi\u00f3n entre otros.<\/span><\/span><\/p>\n<p class=\"western\" style=\"text-align: justify;\">\u00a0<\/p>\n<p class=\"western\" style=\"text-align: justify;\"><span style=\"font-family: Arial,sans-serif;\"><span style=\"font-size: medium;\">Esta iniciativa naci\u00f3 del seno de los 181 integrantes del Frente de Panaderos y Panaderas del estado Vargas para atender a los consejos comunales y a los Comit\u00e9s Locales de Abastecimiento y Producci\u00f3n (CLAP), dicho frente est\u00e1 integrado en su totalidad por Unidades de Producci\u00f3n Sociales y Familiares que de forma organizada reciben suministros de harina de trigo y levadura de La Superintendencia Nacional de Gesti\u00f3n Agroalimentaria (SUNAGRO) y que fueron certificadas por el Inces Vargas para consolidar el apoyo financiero por parte de las entidades bancarias p\u00fablicas y privadas.<\/span><\/span><\/p>\n<p>&nbsp;<\/p>\n<p class=\"western\" style=\"text-align: justify;\"><span style=\"font-family: Arial,sans-serif;\"><span style=\"font-size: medium;\"><img loading=\"lazy\" decoding=\"async\" class=\"alignnone size-full wp-image-15794\" src=\"http:\/\/www.inces.gob.ve\/wp-content\/uploads\/2018\/06\/2Ruta-del-pan.jpg\" alt=\"\" width=\"850\" height=\"638\" \/><\/span><\/span><\/p>\n<p>&nbsp;<\/p>\n<p class=\"western\" style=\"text-align: justify;\"><span style=\"font-family: Arial,sans-serif;\"><span style=\"font-size: medium;\">El Inces Vargas realiza acompa\u00f1amiento a estos emprendedores a las diversas parroquias con el fin de impulsar formaciones, certificaciones y aportar organizaci\u00f3n a quienes deseen implementar panader\u00edas socialistas o formar parte del Frente de Panaderos y Panaderas.<\/span><\/span><\/p>\n<p class=\"western\" style=\"text-align: justify;\">\u00a0<\/p>\n<p class=\"western\" style=\"text-align: justify;\"><span style=\"font-family: Arial,sans-serif;\"><span style=\"font-size: medium;\">Una de las bondades de la \u201cRuta del pan\u201d es llevar a precios justos diversas presentaciones de pan, a comunidades sin someter a los clientes a tortuosas colas ni a maltratos para adquirir un producto de calidad.<\/span><\/span><\/p>\n<p>&nbsp;<\/p>\n<p class=\"western\" style=\"text-align: justify;\"><img loading=\"lazy\" decoding=\"async\" class=\"size-full wp-image-15793 aligncenter\" src=\"http:\/\/www.inces.gob.ve\/wp-content\/uploads\/2018\/06\/3Ruta-del-pan.jpg\" alt=\"\" width=\"850\" height=\"638\" \/><\/p>\n<p class=\"western\" style=\"text-align: justify;\"><span style=\"font-family: Arial,sans-serif;\"><span style=\"font-size: medium;\">Tambi\u00e9n se han realizado jornadas especiales de car\u00e1cter social en los hospitales y escuelas del estado, con el fin de fortalecer la alimentaci\u00f3n en estos espacios. <\/span><\/span><\/p>\n<p class=\"western\" style=\"text-align: justify;\">\u00a0<\/p>\n<p class=\"western\" style=\"text-align: justify;\">\u00a0<\/p>\n<p class=\"western\" style=\"text-align: justify;\">\u00a0<\/p>\n<p class=\"western\" style=\"text-align: justify;\">\u00a0<\/p>\n<p class=\"western\" style=\"text-align: justify;\">\u00a0<\/p>\n<p class=\"western\" style=\"text-align: justify;\">\u00a0<\/p>\n","protected":false},"excerpt":{"rendered":"<p>**Con la finalidad de dar respuestas a las comunidades y enfrentar la cruel guerra econ\u00f3mica que ataca inclemente al pueblo venezolano, el Frente de Panaderos y Panaderas del estado Vargas ha desplegado durante el 2018 la \u201cRuta del pan\u201d el cual atiende a diversos sectores de la entidad costera.<\/p>\n","protected":false},"author":15,"featured_media":15795,"comment_status":"closed","ping_status":"closed","sticky":false,"template":"","format":"aside","meta":{"footnotes":""},"categories":[2],"tags":[],"class_list":["post-15792","post","type-post","status-publish","format-aside","has-post-thumbnail","hentry","category-blog","post_format-post-format-aside"],"_links":{"self":[{"href":"https:\/\/inces.gob.ve\/index.php\/wp-json\/wp\/v2\/posts\/15792","targetHints":{"allow":["GET"]}}],"collection":[{"href":"https:\/\/inces.gob.ve\/index.php\/wp-json\/wp\/v2\/posts"}],"about":[{"href":"https:\/\/inces.gob.ve\/index.php\/wp-json\/wp\/v2\/types\/post"}],"author":[{"embeddable":true,"href":"https:\/\/inces.gob.ve\/index.php\/wp-json\/wp\/v2\/users\/15"}],"replies":[{"embeddable":true,"href":"https:\/\/inces.gob.ve\/index.php\/wp-json\/wp\/v2\/comments?post=15792"}],"version-history":[{"count":1,"href":"https:\/\/inces.gob.ve\/index.php\/wp-json\/wp\/v2\/posts\/15792\/revisions"}],"predecessor-version":[{"id":34583,"href":"https:\/\/inces.gob.ve\/index.php\/wp-json\/wp\/v2\/posts\/15792\/revisions\/34583"}],"wp:featuredmedia":[{"embeddable":true,"href":"https:\/\/inces.gob.ve\/index.php\/wp-json\/"}],"wp:attachment":[{"href":"https:\/\/inces.gob.ve\/index.php\/wp-json\/wp\/v2\/media?parent=15792"}],"wp:term":[{"taxonomy":"category","embeddable":true,"href":"https:\/\/inces.gob.ve\/index.php\/wp-json\/wp\/v2\/categories?post=15792"},{"taxonomy":"post_tag","embeddable":true,"href":"https:\/\/inces.gob.ve\/index.php\/wp-json\/wp\/v2\/tags?post=15792"}],"curies":[{"name":"wp","href":"https:\/\/api.w.org\/{rel}","templated":true}]}}