{"id":15816,"date":"2018-06-11T06:53:20","date_gmt":"2018-06-11T12:53:20","guid":{"rendered":"http:\/\/www.inces.gob.ve\/?p=15816"},"modified":"2020-05-28T20:31:54","modified_gmt":"2020-05-29T00:31:54","slug":"trabajadores-tunal-acreditan-conocimientos-refrigeracion-comercial","status":"publish","type":"post","link":"https:\/\/inces.gob.ve\/index.php\/2018\/06\/11\/trabajadores-tunal-acreditan-conocimientos-refrigeracion-comercial\/","title":{"rendered":"Trabajadores de  El Tunal acreditan sus conocimientos en refrigeraci\u00f3n comercial"},"content":{"rendered":"<p style=\"text-align: justify;\"><span style=\"font-family: Arial,sans-serif;\"><i><b>** La jornada de certificaci\u00f3n se realiz\u00f3 en los talleres del Centro de Formaci\u00f3n Socialista (CFS) Jos\u00e9 Pio Tamayo del Inces en Barquisimeto<\/b><\/i><\/span><!--more--><\/p>\n<p style=\"text-align: justify;\">\u00a0<\/p>\n<p style=\"text-align: justify;\"><span style=\"font-family: Arial,sans-serif;\"><b>GAUDY L\u00d3PEZ | Lara<\/b><\/span><\/p>\n<p style=\"text-align: justify;\">\u00a0<\/p>\n<p style=\"text-align: justify;\"><span style=\"font-family: Arial,sans-serif;\">Trabajadores de El Tunal, organizaci\u00f3n dedicada a producir, transformar y comercializar alimentos de la regi\u00f3n Occidental, fueron certificados por sus habilidades, destrezas y experiencias como t\u00e9cnicos en refrigeraci\u00f3n comercial por el programa de Acreditaci\u00f3n y Certificaci\u00f3n de Conocimientos por Experiencia en Ejercicio del Inces.<\/span><\/p>\n<p style=\"text-align: justify;\">\u00a0<\/p>\n<p style=\"text-align: justify;\"><span style=\"font-family: Arial,sans-serif;\">Con esta jornada el Inces sigue dando cumplimiento al operativo \u201cCertifica tu Saber\u201d para formalizar los saberes emp\u00edricos y las experiencias en el ejercicio de oficios t\u00e9cnicos y productivos de los venezolanos, y en especial de la clase trabajadora, como protagonista en la gesti\u00f3n de producci\u00f3n. <\/span><\/p>\n<p>&nbsp;<\/p>\n<p style=\"text-align: justify;\"><span style=\"font-family: Arial,sans-serif;\"><img loading=\"lazy\" decoding=\"async\" class=\"size-full wp-image-15817 aligncenter\" src=\"http:\/\/www.inces.gob.ve\/wp-content\/uploads\/2018\/06\/3certificaci\u00f3n-.jpg\" alt=\"\" width=\"850\" height=\"638\" \/> <\/span><\/p>\n<p style=\"text-align: justify;\"><span style=\"font-family: Arial,sans-serif;\">El maestros t\u00e9cnico productivo (MTP) vinculado al programa de formaci\u00f3n industrial, Diego P\u00e9rez, se encarg\u00f3 de validar los conocimientos de los trabajadores mediante un conservatorio, registro de experiencias y demostraci\u00f3n pr\u00e1ctica del oficio. Este certificado permitir\u00e1 a los trabajadores ampliar su hoja de vida laboral, entre otros beneficios. <\/span><\/p>\n<p>&nbsp;<\/p>\n<p style=\"text-align: justify;\"><span style=\"font-family: Arial,sans-serif;\"><img loading=\"lazy\" decoding=\"async\" class=\"size-full wp-image-15819 aligncenter\" src=\"http:\/\/www.inces.gob.ve\/wp-content\/uploads\/2018\/06\/1certificaci\u00f3n-.jpg\" alt=\"\" width=\"850\" height=\"638\" \/><\/span><\/p>\n<p style=\"text-align: justify;\"><span style=\"font-family: Arial,sans-serif;\">Al encuentro asisti\u00f3 el coordinador del CFS Jos\u00e9 Pio Tamayo, Sim\u00f3n Mart\u00ednez, quien dirigi\u00f3 un charla a los trabajadores que acudieron a la certificaci\u00f3n que forma parte del Programa \u201cCertifica Tu Saber\u201d que lleva el Inces en todo el territorio nacional.<\/span><\/p>\n<p style=\"text-align: justify;\">\u00a0<\/p>\n<p>&nbsp;<\/p>\n<p><span style=\"font-family: Arial,sans-serif;\"><br \/>\n <\/span><\/p>\n","protected":false},"excerpt":{"rendered":"<p>** La jornada de certificaci\u00f3n se realiz\u00f3 en los talleres del Centro de Formaci\u00f3n Socialista (CFS) Jos\u00e9 Pio Tamayo del Inces en Barquisimeto<\/p>\n","protected":false},"author":15,"featured_media":15818,"comment_status":"closed","ping_status":"closed","sticky":false,"template":"","format":"standard","meta":{"footnotes":""},"categories":[2],"tags":[],"class_list":["post-15816","post","type-post","status-publish","format-standard","has-post-thumbnail","hentry","category-blog"],"_links":{"self":[{"href":"https:\/\/inces.gob.ve\/index.php\/wp-json\/wp\/v2\/posts\/15816","targetHints":{"allow":["GET"]}}],"collection":[{"href":"https:\/\/inces.gob.ve\/index.php\/wp-json\/wp\/v2\/posts"}],"about":[{"href":"https:\/\/inces.gob.ve\/index.php\/wp-json\/wp\/v2\/types\/post"}],"author":[{"embeddable":true,"href":"https:\/\/inces.gob.ve\/index.php\/wp-json\/wp\/v2\/users\/15"}],"replies":[{"embeddable":true,"href":"https:\/\/inces.gob.ve\/index.php\/wp-json\/wp\/v2\/comments?post=15816"}],"version-history":[{"count":1,"href":"https:\/\/inces.gob.ve\/index.php\/wp-json\/wp\/v2\/posts\/15816\/revisions"}],"predecessor-version":[{"id":19252,"href":"https:\/\/inces.gob.ve\/index.php\/wp-json\/wp\/v2\/posts\/15816\/revisions\/19252"}],"wp:featuredmedia":[{"embeddable":true,"href":"https:\/\/inces.gob.ve\/index.php\/wp-json\/"}],"wp:attachment":[{"href":"https:\/\/inces.gob.ve\/index.php\/wp-json\/wp\/v2\/media?parent=15816"}],"wp:term":[{"taxonomy":"category","embeddable":true,"href":"https:\/\/inces.gob.ve\/index.php\/wp-json\/wp\/v2\/categories?post=15816"},{"taxonomy":"post_tag","embeddable":true,"href":"https:\/\/inces.gob.ve\/index.php\/wp-json\/wp\/v2\/tags?post=15816"}],"curies":[{"name":"wp","href":"https:\/\/api.w.org\/{rel}","templated":true}]}}