{"id":15837,"date":"2018-06-11T10:04:04","date_gmt":"2018-06-11T16:04:04","guid":{"rendered":"http:\/\/www.inces.gob.ve\/?p=15837"},"modified":"2020-05-28T20:31:54","modified_gmt":"2020-05-29T00:31:54","slug":"continuan-las-grabaciones-del-programa-somos-inces-tv","status":"publish","type":"post","link":"https:\/\/inces.gob.ve\/index.php\/2018\/06\/11\/continuan-las-grabaciones-del-programa-somos-inces-tv\/","title":{"rendered":"Continuan las grabaciones del programa Somos Inces Tv"},"content":{"rendered":"<p style=\"text-align: justify;\">*<i><b>* Vale acotar que la coproducci\u00f3n de este proyecto la lleva P<\/b><\/i><i><b>dvsa<\/b><\/i><i><b> T<\/b><\/i><i><b>v<\/b><\/i><!--more--><\/p>\n<p style=\"text-align: justify;\">\u00a0<\/p>\n<p style=\"text-align: justify;\" align=\"justify\"><b>Jos\u00e9 Eugenio Mendoza | Caracas<\/b><\/p>\n<p style=\"text-align: justify;\" align=\"justify\">\u00a0<\/p>\n<p style=\"text-align: justify;\"><span style=\"font-family: Arial,sans-serif;\">El Centro de Formaci\u00f3n Socialista Industrial \u00abLuis Beltr\u00e1n Prieto Figueroa\u00bb del Inces Caracas abri\u00f3 sus puertas para presentar parte de las experiencias formativas en el Motor Industrial, en los preparativos del programa \u00abSomos Inces TV\u00bb.<\/span><\/p>\n<p style=\"text-align: justify;\">\u00a0<\/p>\n<p style=\"text-align: justify;\"><span style=\"font-family: Arial,sans-serif;\">En la actividad participaron aprendices de la ocupaci\u00f3n \u00abFabricaci\u00f3n de Calzado\u00bb, impartido por la facilitadora Dorian N\u00fa\u00f1ez.<\/span><\/p>\n<p style=\"text-align: justify;\">\u00a0<\/p>\n<p style=\"text-align: justify;\"><span style=\"font-family: Arial,sans-serif;\"><img loading=\"lazy\" decoding=\"async\" class=\"size-full wp-image-15840 aligncenter\" src=\"http:\/\/www.inces.gob.ve\/wp-content\/uploads\/2018\/06\/1-programa-Somos-Inces-Tv.jpg\" alt=\"\" width=\"850\" height=\"638\" \/><\/span><\/p>\n<p style=\"text-align: justify;\">\u00a0<\/p>\n<p style=\"text-align: justify;\"><span style=\"font-family: Arial,sans-serif;\">La profesora N\u00fa\u00f1ez indic\u00f3 tener buenas expectativas con este grupo de aprendices, quienes a su criterio, han sabido aprovechar esta oportunidad que el gobierno nacional les brinda a trav\u00e9s del Plan Chamba Juvenil.<\/span><\/p>\n<p style=\"text-align: justify;\">\u00a0<\/p>\n<p style=\"text-align: justify;\"><span style=\"font-family: Arial,sans-serif;\">Por su parte, Winder Rivero,\u00a0 productor general del programa, expres\u00f3: esta es una producci\u00f3n audiovisual, documental y tem\u00e1tica, que nace de la iniciativa de Presidencia Inces para mostrar los logros de la instituci\u00f3n en el marco de la formaci\u00f3n. Adem\u00e1s, es un espacio para el debate, para evaluar la incidencia de los procesos formativos en los motores productivos del pa\u00eds.\u00a0<\/span><\/p>\n<p style=\"text-align: justify;\">\n <img loading=\"lazy\" decoding=\"async\" class=\"size-full wp-image-15839 aligncenter\" src=\"http:\/\/www.inces.gob.ve\/wp-content\/uploads\/2018\/06\/2programa-Somos-Inces-Tv.jpg\" alt=\"\" width=\"850\" height=\"638\" \/><\/p>\n<p style=\"text-align: justify;\"><span style=\"font-family: Arial,sans-serif;\">Rivero destac\u00f3 que gran parte de las contribuciones de este proyecto se recogen en las Mesas Tem\u00e1ticas, instancia a trav\u00e9s de la cual el equipo multidisciplinario que conforma el proyecto realiza los aportes necesarios, bajo la direcci\u00f3n de la Gerencia General de Informaci\u00f3n y Relaciones. Vale acotar que la coproducci\u00f3n de este proyecto la lleva PDVSA TV.<\/span><\/p>\n<p>&nbsp;<\/p>\n","protected":false},"excerpt":{"rendered":"<p>** Vale acotar que la coproducci\u00f3n de este proyecto la lleva Pdvsa Tv<\/p>\n","protected":false},"author":15,"featured_media":15838,"comment_status":"closed","ping_status":"closed","sticky":false,"template":"","format":"standard","meta":{"footnotes":""},"categories":[2],"tags":[],"class_list":["post-15837","post","type-post","status-publish","format-standard","has-post-thumbnail","hentry","category-blog"],"_links":{"self":[{"href":"https:\/\/inces.gob.ve\/index.php\/wp-json\/wp\/v2\/posts\/15837","targetHints":{"allow":["GET"]}}],"collection":[{"href":"https:\/\/inces.gob.ve\/index.php\/wp-json\/wp\/v2\/posts"}],"about":[{"href":"https:\/\/inces.gob.ve\/index.php\/wp-json\/wp\/v2\/types\/post"}],"author":[{"embeddable":true,"href":"https:\/\/inces.gob.ve\/index.php\/wp-json\/wp\/v2\/users\/15"}],"replies":[{"embeddable":true,"href":"https:\/\/inces.gob.ve\/index.php\/wp-json\/wp\/v2\/comments?post=15837"}],"version-history":[{"count":1,"href":"https:\/\/inces.gob.ve\/index.php\/wp-json\/wp\/v2\/posts\/15837\/revisions"}],"predecessor-version":[{"id":19249,"href":"https:\/\/inces.gob.ve\/index.php\/wp-json\/wp\/v2\/posts\/15837\/revisions\/19249"}],"wp:featuredmedia":[{"embeddable":true,"href":"https:\/\/inces.gob.ve\/index.php\/wp-json\/"}],"wp:attachment":[{"href":"https:\/\/inces.gob.ve\/index.php\/wp-json\/wp\/v2\/media?parent=15837"}],"wp:term":[{"taxonomy":"category","embeddable":true,"href":"https:\/\/inces.gob.ve\/index.php\/wp-json\/wp\/v2\/categories?post=15837"},{"taxonomy":"post_tag","embeddable":true,"href":"https:\/\/inces.gob.ve\/index.php\/wp-json\/wp\/v2\/tags?post=15837"}],"curies":[{"name":"wp","href":"https:\/\/api.w.org\/{rel}","templated":true}]}}