{"id":15852,"date":"2018-06-11T11:13:35","date_gmt":"2018-06-11T17:13:35","guid":{"rendered":"http:\/\/www.inces.gob.ve\/?p=15852"},"modified":"2020-05-28T20:31:54","modified_gmt":"2020-05-29T00:31:54","slug":"miranda-la-eti-leonardo-infante-planifican-programas-autoformacion-sustentables","status":"publish","type":"post","link":"https:\/\/inces.gob.ve\/index.php\/2018\/06\/11\/miranda-la-eti-leonardo-infante-planifican-programas-autoformacion-sustentables\/","title":{"rendered":"Miranda y la ETI Leonardo Infante planifican programas de autoformaci\u00f3n sustentables"},"content":{"rendered":"<p style=\"text-align: justify;\" align=\"justify\"><span style=\"font-family: Arial,sans-serif;\"><span style=\"font-size: medium;\"><span lang=\"es-ES\"><i><b>**Con el objetivo de llevar a cabo entre el Inces Miranda y la Escuela T\u00e9cnica Industrial (ETI) Leonardo Infante, un plan de acci\u00f3n a corto plazo para la auto formaci\u00f3n con miras a desarrollar Proyectos Productivos Sustentables a mediano plazo, se celebr\u00f3 una reuni\u00f3n entre representantes de ambas instituciones que trajo algunos resultados positivos que permiten suponer pr\u00f3ximas acciones en conjunto.<\/b><\/i><\/span><\/span><\/span><\/p>\n<p style=\"text-align: justify;\" align=\"justify\"><!--more--><\/p>\n<p lang=\"es-ES\" style=\"text-align: justify;\"><span style=\"color: #000000;\"><span style=\"font-family: Arial,sans-serif;\"><span style=\"font-size: large;\"><b>PRENSA MIRANDA <\/b><\/span><\/span><\/span><span style=\"color: #000000;\"><span style=\"font-family: Arial,sans-serif;\"><span style=\"font-size: x-large;\"><span lang=\"es-ES\"><b>| <\/b><\/span><\/span><\/span><\/span><span style=\"color: #000000;\"><span style=\"font-family: Arial,sans-serif;\"><span style=\"font-size: medium;\"><span lang=\"es-ES\"><b>sede<\/b><\/span><\/span><\/span><\/span><span style=\"color: #000000;\"><span style=\"font-family: Arial,sans-serif;\"><span style=\"font-size: x-large;\"><span lang=\"es-ES\"><b>.- <\/b><\/span><\/span><\/span><\/span><\/p>\n<p style=\"text-align: justify;\"><span style=\"font-family: Arial,sans-serif;\">El encuentro se inici\u00f3 con una breve participaci\u00f3n del Prof. Kliver Maita sobre los proyectos productivos y la importancia de la sustentabilidad en el tiempo de los mismos, adem\u00e1s de solucionar con ellos los problemas del entorno y de las comunidades adyacentes.<\/span><\/p>\n<p style=\"text-align: justify;\"><span style=\"font-family: Arial,sans-serif;\">Se expuso por parte de los asistentes experiencias de proyectos viables que se pueden desarrollar en la segunda fase del plan de acci\u00f3n y se acord\u00f3 realizar la primera fase entre Junio y Julio con un plan de auto formaci\u00f3n intensivo para garantizar y potenciar la planificaci\u00f3n y desarrollo de los proyectos.<\/span><\/p>\n<p style=\"text-align: justify;\"><span style=\"font-family: Arial,sans-serif;\"><span lang=\"es-ES\"> Los asistentes a la reuni\u00f3n quedaron satisfechos con los acuerdos y con la propuesta de trabajo conjunta para el desarrollo de los proyectos entre el Inces <\/span><\/span><span style=\"font-family: Arial,sans-serif;\"><span lang=\"es-ES\">Miranda y la ETI Leonardo Infante.<\/span><\/span><\/p>\n<p style=\"text-align: justify;\"><span style=\"font-family: Arial,sans-serif;\"><span lang=\"es-ES\"><img loading=\"lazy\" decoding=\"async\" class=\"aligncenter wp-image-15854 size-full\" src=\"http:\/\/www.inces.gob.ve\/wp-content\/uploads\/2018\/06\/1autoformaci\u00f3n-sustentables.png\" alt=\"\" width=\"850\" height=\"638\" \/><\/span><\/span><\/p>\n<p style=\"text-align: justify;\"><span style=\"font-family: Arial,sans-serif;\"><span lang=\"es-ES\"> Se plante\u00f3 el compromiso de enviar a la ETI Leonardo Infante (atenci\u00f3n Alirio Rodr\u00edguez) la lista de talleres y cursos cortos solicitados por la ETI. <\/span><\/span><span style=\"font-family: Arial,sans-serif;\"><span lang=\"es-ES\">Para el 30 de mayo el Prof. Alirio Rodr\u00edguez enviar\u00e1 la lista de los cursos, lista de participantes, espacios donde se dictar\u00e1 la formaci\u00f3n y horarios respectivos. Habr\u00e1 una pr\u00f3xima reuni\u00f3n para finiquitar todo lo pendiente.<\/span><\/span><\/p>\n<p style=\"text-align: justify;\"><span style=\"font-family: Arial,sans-serif;\">A<\/span><span style=\"font-family: Arial,sans-serif;\"><span lang=\"es-ES\">cudieron a <\/span><\/span><span style=\"font-family: Arial,sans-serif;\">la <\/span><span style=\"font-family: Arial,sans-serif;\"><span lang=\"es-ES\">reuni\u00f3n <\/span><\/span><span style=\"font-family: Arial,sans-serif;\">Alirio Rodr\u00edguez \/ subdirector t\u00e9cnico de la ETI Leonardo Infante Kliver Maita\/ Jefe de Divisi\u00f3n de Formaci\u00f3n Profesional Inces Miranda Jos\u00e9 J. Gonz\u00e1lez\/ Coordinador de Programa Agr\u00edcola Inces Miranda Laura D\u00e1vila \/ Coordinadora de Formaci\u00f3n Profesional II Inces Miranda, Ernesto Ruiz \/ Instructor Inces Miranda Industria Nelson Dur\u00e1n \/ Maestro Inces Miranda Agr\u00edcola Alifer Rodr\u00edguez \/ Profesora de la ETI Rub\u00e9n Gonz\u00e1lez y <\/span><span style=\"font-family: Arial,sans-serif;\"><span lang=\"es-ES\">Naim Rodr\u00edguez \/ Profesora de la ETI Rub\u00e9n Gonz\u00e1lez.<\/span><\/span><\/p>\n<p style=\"text-align: justify;\"><span style=\"font-family: Arial,sans-serif;\">Finalmente los concurrentes expresaron su satisfacci\u00f3n por la reuni\u00f3n y demostraron optimismo con los acuerdos y con la propuesta de trabajo conjunta para el desarrollo de los proyectos con el Inces. <\/span><\/p>\n<p style=\"text-align: justify;\"><span style=\"font-family: Arial,sans-serif;\">La cita fue en la Escuela T\u00e9cnica Industrial Leonardo Infante, en su Oficina de la Subdirecci\u00f3n T\u00e9cnica<\/span><\/p>\n","protected":false},"excerpt":{"rendered":"<p>**Con el objetivo de llevar a cabo entre el Inces Miranda y la Escuela T\u00e9cnica Industrial (ETI) Leonardo Infante, un plan de acci\u00f3n a corto plazo para la auto formaci\u00f3n con miras a desarrollar Proyectos Productivos Sustentables a mediano plazo, se celebr\u00f3 una reuni\u00f3n entre representantes de ambas instituciones que trajo algunos resultados positivos que [&hellip;]<\/p>\n","protected":false},"author":15,"featured_media":15853,"comment_status":"closed","ping_status":"closed","sticky":false,"template":"","format":"standard","meta":{"footnotes":""},"categories":[2],"tags":[],"class_list":["post-15852","post","type-post","status-publish","format-standard","has-post-thumbnail","hentry","category-blog"],"_links":{"self":[{"href":"https:\/\/inces.gob.ve\/index.php\/wp-json\/wp\/v2\/posts\/15852","targetHints":{"allow":["GET"]}}],"collection":[{"href":"https:\/\/inces.gob.ve\/index.php\/wp-json\/wp\/v2\/posts"}],"about":[{"href":"https:\/\/inces.gob.ve\/index.php\/wp-json\/wp\/v2\/types\/post"}],"author":[{"embeddable":true,"href":"https:\/\/inces.gob.ve\/index.php\/wp-json\/wp\/v2\/users\/15"}],"replies":[{"embeddable":true,"href":"https:\/\/inces.gob.ve\/index.php\/wp-json\/wp\/v2\/comments?post=15852"}],"version-history":[{"count":1,"href":"https:\/\/inces.gob.ve\/index.php\/wp-json\/wp\/v2\/posts\/15852\/revisions"}],"predecessor-version":[{"id":19246,"href":"https:\/\/inces.gob.ve\/index.php\/wp-json\/wp\/v2\/posts\/15852\/revisions\/19246"}],"wp:featuredmedia":[{"embeddable":true,"href":"https:\/\/inces.gob.ve\/index.php\/wp-json\/"}],"wp:attachment":[{"href":"https:\/\/inces.gob.ve\/index.php\/wp-json\/wp\/v2\/media?parent=15852"}],"wp:term":[{"taxonomy":"category","embeddable":true,"href":"https:\/\/inces.gob.ve\/index.php\/wp-json\/wp\/v2\/categories?post=15852"},{"taxonomy":"post_tag","embeddable":true,"href":"https:\/\/inces.gob.ve\/index.php\/wp-json\/wp\/v2\/tags?post=15852"}],"curies":[{"name":"wp","href":"https:\/\/api.w.org\/{rel}","templated":true}]}}