{"id":15879,"date":"2018-06-12T10:45:45","date_gmt":"2018-06-12T16:45:45","guid":{"rendered":"http:\/\/www.inces.gob.ve\/?p=15879"},"modified":"2020-05-28T20:31:54","modified_gmt":"2020-05-29T00:31:54","slug":"medallista-oro-sudamericano-taekwondo-se-formo-inces-sucre","status":"publish","type":"post","link":"https:\/\/inces.gob.ve\/index.php\/2018\/06\/12\/medallista-oro-sudamericano-taekwondo-se-formo-inces-sucre\/","title":{"rendered":"Medallista de Oro Sudamericano en taekwondo se form\u00f3 en Inces Sucre"},"content":{"rendered":"<p style=\"text-align: justify;\" align=\"justify\"><span style=\"font-size: 16px;\"><span style=\"font-family: Arial,sans-serif;\"><i><b>*** Como un humilde homenaje vaya el m\u00e1s alto reconocimiento a esta joven Generaci\u00f3n de Oro deportivo, que tambi\u00e9n se prepar\u00f3 en el PNA<\/b><\/i><\/span><!--more--><\/span><\/p>\n<p align=\"left\">\u00a0<\/p>\n<p style=\"text-align: justify;\" align=\"left\"><span style=\"font-family: Arial,sans-serif; font-size: 14px;\"><b>MILAGROS GUERRERO | Sucre<\/b><\/span><\/p>\n<p style=\"text-align: justify;\" align=\"justify\"><span style=\"font-family: Arial,sans-serif; font-size: 16px;\">La joven <b>cumanesa <\/b><b>m<\/b><b>edallista de Oro Suramericano Freymar Marcano<\/b>, recibi\u00f3 en el <b>Inces Sucre<\/b> formaci\u00f3n y adiestramiento a trav\u00e9s del Programa<b> Nacional de Aprendiz<\/b><b>aje <\/b><b>(PNA)<\/b>, siendo hoy un <b>digno ejemplo<\/b> para las futuras generaciones que buscan aprender valores, \u00e9tica, principios, <b>un oficio productivo e integral <\/b>para la vida.<\/span><\/p>\n<p align=\"justify\">\u00a0<\/p>\n<p style=\"text-align: justify;\" align=\"justify\"><span style=\"font-family: Arial,sans-serif; font-size: 16px;\"><b>Hoy<\/b> Marcano <b>arrib<\/b><b>\u00f3<\/b><b> a<\/b> su terru\u00f1o: <b>Cuman\u00e1<\/b> con toda la gloria de haber alcanzado el o<b>ro deportivo<\/b>, una gran meta en su vida, <b>para continuar<\/b> su preparaci\u00f3n en un deporte de alto rendimiento como es el <b>t<\/b><b>a<\/b><b>ekwondo<\/b>.<\/span><\/p>\n<p align=\"justify\">\u00a0<\/p>\n<p style=\"text-align: justify;\" align=\"justify\"><span style=\"font-family: Arial,sans-serif; font-size: 16px;\">La <b>gerente regional<\/b> Audin Navarro hizo extensivo el mayor de los reconocimientos<b> y congratulaciones<\/b>, porque <b>Marcano<\/b> demuestra con <b>valent\u00eda, esmero y perseverancia<\/b>, que ese <b>hombre y mujer nuevo<\/b> de los que habl\u00f3 siempre el comandante eterno <b>Hugo Ch\u00e1vez<\/b>, es ahora que m\u00e1s <b>se crecen en<\/b> medio de <b>las dificultades<\/b> por las que atraviesa el pa\u00eds.<\/span><\/p>\n<p align=\"justify\">\u00a0<\/p>\n<p style=\"text-align: justify;\" align=\"justify\"><span style=\"font-size: 16px;\">\u201c<span style=\"font-family: Arial,sans-serif;\"><b>Freymar Marcano<\/b> le dice con hechos a los j\u00f3venes que cursan formaciones en el <b>I<\/b><b>n<\/b><b>ces<\/b> que <b>Venezuela es grande<\/b> como su gente, que <b>somos<\/b> un <b>pueblo<\/b> que se prepara y <b>forma para triunfar<\/b> en cualquier escenario de vida\u201d, enfatiz\u00f3 Navarro.<\/span><\/span><\/p>\n<p align=\"justify\">\u00a0<\/p>\n<p style=\"text-align: justify;\" align=\"justify\"><span style=\"font-family: Arial,sans-serif; font-size: 16px;\"><b>Freymar Marcano<\/b> ingres\u00f3 en el <b>PNA<\/b> en julio de 2012 y egres\u00f3 en febrero de 2015, cuenta con orgullo Jenny Cabello quien fue su supervisora de empresa por <b>Inces<\/b>. \u201cFue aprendiz en el <b>oficio de Asistente de Administraci\u00f3n en Empresas<\/b> y fue contratada en su \u00e1rea por Toyota de Venezuela. Una <b>joven<\/b> entusiasta y <b>comprometida<\/b> con lo que hace\u201d, dijo.<\/span><\/p>\n<p>&nbsp;<\/p>\n<p style=\"text-align: justify;\"><span style=\"font-size: 16px;\"><strong>En los reci\u00e9n culminados XI Juegos Suramericanos de Cochabamba, Bolivia, Freymar<\/strong> <strong>Marcano<\/strong> se adjudic\u00f3 el Oro tras vencer a la argentina <strong>Alexis Arnold<\/strong> en la categor\u00eda de <strong>67 kilogramos.<\/strong> <strong>Venezuela<\/strong> ocup\u00f3 el cuarto lugar del medallero suramericano con 111 medallas de las cuales 28 fueron de oro, 43 de plata y 40 de bronce.<\/span><\/p>\n","protected":false},"excerpt":{"rendered":"<p>*** Como un humilde homenaje vaya el m\u00e1s alto reconocimiento a esta joven Generaci\u00f3n de Oro deportivo, que tambi\u00e9n se prepar\u00f3 en el PNA<\/p>\n","protected":false},"author":4,"featured_media":15880,"comment_status":"closed","ping_status":"closed","sticky":false,"template":"","format":"standard","meta":{"footnotes":""},"categories":[2],"tags":[],"class_list":["post-15879","post","type-post","status-publish","format-standard","has-post-thumbnail","hentry","category-blog"],"_links":{"self":[{"href":"https:\/\/inces.gob.ve\/index.php\/wp-json\/wp\/v2\/posts\/15879","targetHints":{"allow":["GET"]}}],"collection":[{"href":"https:\/\/inces.gob.ve\/index.php\/wp-json\/wp\/v2\/posts"}],"about":[{"href":"https:\/\/inces.gob.ve\/index.php\/wp-json\/wp\/v2\/types\/post"}],"author":[{"embeddable":true,"href":"https:\/\/inces.gob.ve\/index.php\/wp-json\/wp\/v2\/users\/4"}],"replies":[{"embeddable":true,"href":"https:\/\/inces.gob.ve\/index.php\/wp-json\/wp\/v2\/comments?post=15879"}],"version-history":[{"count":1,"href":"https:\/\/inces.gob.ve\/index.php\/wp-json\/wp\/v2\/posts\/15879\/revisions"}],"predecessor-version":[{"id":19242,"href":"https:\/\/inces.gob.ve\/index.php\/wp-json\/wp\/v2\/posts\/15879\/revisions\/19242"}],"wp:featuredmedia":[{"embeddable":true,"href":"https:\/\/inces.gob.ve\/index.php\/wp-json\/"}],"wp:attachment":[{"href":"https:\/\/inces.gob.ve\/index.php\/wp-json\/wp\/v2\/media?parent=15879"}],"wp:term":[{"taxonomy":"category","embeddable":true,"href":"https:\/\/inces.gob.ve\/index.php\/wp-json\/wp\/v2\/categories?post=15879"},{"taxonomy":"post_tag","embeddable":true,"href":"https:\/\/inces.gob.ve\/index.php\/wp-json\/wp\/v2\/tags?post=15879"}],"curies":[{"name":"wp","href":"https:\/\/api.w.org\/{rel}","templated":true}]}}