{"id":15885,"date":"2018-06-12T11:48:19","date_gmt":"2018-06-12T17:48:19","guid":{"rendered":"http:\/\/www.inces.gob.ve\/?p=15885"},"modified":"2020-05-28T20:31:54","modified_gmt":"2020-05-29T00:31:54","slug":"cfs-carora-dicta-taller-banquetes-comunidad-la-pastora","status":"publish","type":"post","link":"https:\/\/inces.gob.ve\/index.php\/2018\/06\/12\/cfs-carora-dicta-taller-banquetes-comunidad-la-pastora\/","title":{"rendered":"CFS de Carora dicta taller de banquetes en comunidad La Pastora"},"content":{"rendered":"<p style=\"text-align: justify;\"><span style=\"font-family: Arial,sans-serif;\"><i><b>** La formaci\u00f3n transcurre en alianza con FundaPastora, de la Central Azucarera para promover la gastronom\u00eda popular <\/b><\/i><\/span><\/p>\n<p style=\"text-align: justify;\">\n <!--more--><\/p>\n<p style=\"text-align: justify;\">\n <\/p>\n<p style=\"text-align: justify;\"><span style=\"font-family: Arial,sans-serif;\">Gaudy L\u00f3pez | Lara<\/span><\/p>\n<p style=\"text-align: justify;\">\n <\/p>\n<p style=\"text-align: justify;\"><span style=\"font-family: Arial,sans-serif;\">Con el prop\u00f3sito de motivar y promocionar acciones que favorezcan la gastronom\u00eda popular en las comunidades del municipio Torres en el estado Lara, el Centro de Formaci\u00f3n Socialista (CFS), Jorge Rodr\u00edguez del Inces dicta el taller de banquetes en alianza con la fundaci\u00f3n social de la Central Azucarera, FundaPastora.<\/span><\/p>\n<p style=\"text-align: justify;\">\n <\/p>\n<p style=\"text-align: justify;\"><span style=\"font-family: Arial,sans-serif;\">En el taller participaron 34 personas de la comunidad La Pastora de la parroquia Cecilio Zubillagas y 25 familiares de trabajadores de la FundaPastora, organizaci\u00f3n que desde hace a\u00f1os han venido impulsando con Inces planes de formaci\u00f3n para las comunidades, como parte de su pol\u00edtica social.<\/span><\/p>\n<p style=\"text-align: justify;\">\n <\/p>\n<p style=\"text-align: justify;\"><span style=\"font-family: Arial,sans-serif;\">El taller esta orientado a formar a mujeres y hombres con planes de emprendimiento en el \u00e1rea de la gastronom\u00eda como alternativa para impulsar el motor econ\u00f3mico turismo, as\u00ed lo destac\u00f3 la maestra t\u00e9cnico productivo (MTP) Carmen Ramos.<\/span><\/p>\n<p>&nbsp;<\/p>\n<p style=\"text-align: justify;\"><span style=\"font-family: Arial,sans-serif;\"><img loading=\"lazy\" decoding=\"async\" class=\"size-full wp-image-15886 aligncenter\" src=\"http:\/\/www.inces.gob.ve\/wp-content\/uploads\/2018\/06\/2Central-Azucarera.jpg\" alt=\"\" width=\"800\" height=\"600\" \/><\/span><\/p>\n<p style=\"text-align: justify;\">\n <span style=\"font-family: Arial,sans-serif;\">La formaci\u00f3n que tiene una duraci\u00f3n de 30 horas ofrece a los participantes herramientas te\u00f3ricas y pr\u00e1cticas en cuanto a la atenci\u00f3n al p\u00fablico, organizaci\u00f3n de eventos, t\u00e9cnicas de servicio, manejo de \u00fatiles de trabajo, realizaci\u00f3n de mise en place, montaje y la etiqueta en la mesa. Tambi\u00e9n aprenden a preparar diferentes dulces criollos, como mermeladas, panes de leche y golfeados.<\/span><\/p>\n<p style=\"text-align: justify;\">\n <\/p>\n<p style=\"text-align: justify;\"><span style=\"font-family: Arial,sans-serif;\">Andrea Gonzaga y Mar\u00eda Torres forman parte del grupo de familiares de trabajadores de la Central Azucarera que realizan el curso con la esperanza de crecer en el \u00e1rea de la gastronom\u00eda y organizaci\u00f3n y montaje de banquetes.<\/span><\/p>\n<p style=\"text-align: justify;\">\n <\/p>\n<p style=\"text-align: justify;\"><span style=\"font-family: Arial,sans-serif;\">Las mismas expectativa muestran cada vez que van al taller del grupo de la comunidad La Pastora, Elita Torres y Lubalty Rodr\u00edguez para desarrollar una actividad productiva que les generen ingresos personales y para la comunidad.<\/span><\/p>\n<p style=\"text-align: justify;\">\n <\/p>\n<p style=\"text-align: justify;\"><span style=\"font-family: Arial,sans-serif;\">Recientemente el Inces finaliz\u00f3 en articulaci\u00f3n con FundaPastora un curso de Procesamiento y Conservaci\u00f3n de Tomates, la cual estuvo facilitada por la MTP Oly Gonz\u00e1lez y dej\u00f3 un saldo positivo en la comunidad.<\/span><\/p>\n<p style=\"text-align: justify;\">\n <\/p>\n<p style=\"text-align: justify;\">\n <\/p>\n<p style=\"text-align: justify;\">\n <\/p>\n<p style=\"text-align: justify;\">\n <\/p>\n<p style=\"text-align: justify;\">\n <\/p>\n<p style=\"text-align: justify;\">\n <\/p>\n<p style=\"text-align: justify;\">\n <\/p>\n<p style=\"text-align: justify;\">\n <\/p>\n<p style=\"text-align: justify;\">\n <\/p>\n<p style=\"text-align: justify;\">\n <\/p>\n","protected":false},"excerpt":{"rendered":"<p>** La formaci\u00f3n transcurre en alianza con FundaPastora, de la Central Azucarera para promover la gastronom\u00eda popular<\/p>\n","protected":false},"author":15,"featured_media":15887,"comment_status":"closed","ping_status":"closed","sticky":false,"template":"","format":"standard","meta":{"footnotes":""},"categories":[2],"tags":[],"class_list":["post-15885","post","type-post","status-publish","format-standard","has-post-thumbnail","hentry","category-blog"],"_links":{"self":[{"href":"https:\/\/inces.gob.ve\/index.php\/wp-json\/wp\/v2\/posts\/15885","targetHints":{"allow":["GET"]}}],"collection":[{"href":"https:\/\/inces.gob.ve\/index.php\/wp-json\/wp\/v2\/posts"}],"about":[{"href":"https:\/\/inces.gob.ve\/index.php\/wp-json\/wp\/v2\/types\/post"}],"author":[{"embeddable":true,"href":"https:\/\/inces.gob.ve\/index.php\/wp-json\/wp\/v2\/users\/15"}],"replies":[{"embeddable":true,"href":"https:\/\/inces.gob.ve\/index.php\/wp-json\/wp\/v2\/comments?post=15885"}],"version-history":[{"count":1,"href":"https:\/\/inces.gob.ve\/index.php\/wp-json\/wp\/v2\/posts\/15885\/revisions"}],"predecessor-version":[{"id":19241,"href":"https:\/\/inces.gob.ve\/index.php\/wp-json\/wp\/v2\/posts\/15885\/revisions\/19241"}],"wp:featuredmedia":[{"embeddable":true,"href":"https:\/\/inces.gob.ve\/index.php\/wp-json\/"}],"wp:attachment":[{"href":"https:\/\/inces.gob.ve\/index.php\/wp-json\/wp\/v2\/media?parent=15885"}],"wp:term":[{"taxonomy":"category","embeddable":true,"href":"https:\/\/inces.gob.ve\/index.php\/wp-json\/wp\/v2\/categories?post=15885"},{"taxonomy":"post_tag","embeddable":true,"href":"https:\/\/inces.gob.ve\/index.php\/wp-json\/wp\/v2\/tags?post=15885"}],"curies":[{"name":"wp","href":"https:\/\/api.w.org\/{rel}","templated":true}]}}