{"id":15906,"date":"2018-07-03T08:17:33","date_gmt":"2018-07-03T14:17:33","guid":{"rendered":"http:\/\/www.inces.gob.ve\/?p=15906"},"modified":"2020-05-28T20:31:54","modified_gmt":"2020-05-29T00:31:54","slug":"culmina-curso-produccion-hortalizas-areas-urbanas","status":"publish","type":"post","link":"https:\/\/inces.gob.ve\/index.php\/2018\/07\/03\/culmina-curso-produccion-hortalizas-areas-urbanas\/","title":{"rendered":"Culmina Curso \u201cProducci\u00f3n de Hortalizas en \u00c1reas Urbanas\u201d"},"content":{"rendered":"<p class=\"western\" style=\"text-align: justify;\" align=\"center\"><span style=\"font-family: Arial,sans-serif;\"><span style=\"font-size: medium;\"><i><b>** Espacios agr\u00edcolas de la UNES Vargas se fortalecen con emprendimiento productivo<\/b><\/i><\/span><\/span><\/p>\n<p class=\"western\" style=\"text-align: justify;\" align=\"center\"><!--more--><\/p>\n<p class=\"western\" style=\"text-align: justify;\" align=\"justify\">\n <\/p>\n<p class=\"western\" style=\"text-align: justify;\"><span style=\"font-family: Arial,sans-serif;\"><span style=\"font-size: medium;\"><b>ZUVALQUI DUARTE<\/b> \u00a0| Vargas<\/span><\/span><\/p>\n<p>&nbsp;<\/p>\n<p class=\"western\" style=\"text-align: justify;\" align=\"justify\"><span style=\"font-family: Arial,sans-serif;\"><span style=\"font-size: medium;\">Con una agradable visita a los espacios Agro-Urbanos en el Centro de Formaci\u00f3n de la Universidad Nacional Experimental de la Seguridad Vargas, Jes\u00fas Oramas jefe de centro del Inces Urimare Vargas y contando con la presencia de Mar\u00eda Quijada y Deisy Rodr\u00edguez, personal directivo del CEFO UNES Vargas culminan el curso <b>\u201cProducci\u00f3n de Hortalizas en \u00c1reas Urbanas\u201d.<\/b><\/span><\/span><\/p>\n<p align=\"justify\">\u00a0<\/p>\n<p class=\"western\" style=\"text-align: justify;\" align=\"justify\"><span style=\"font-family: Arial,sans-serif;\"><span style=\"font-size: medium;\">Es importante destacar que el trabajo de la Coordinaci\u00f3n de Huertos de la UNES del estado Vargas, persigue <b>fomentar en los participantes valores sociales aut\u00f3ctonos ancestrales en materia Agro-Pesquera<\/b>, que sean un veh\u00edculo para el desarrollo de ese motor tan necesario en nuestra comunidades e instituciones.<\/span><\/span><\/p>\n<p align=\"justify\">\u00a0<\/p>\n<p class=\"western\" style=\"text-align: justify;\" align=\"justify\"><span style=\"font-family: Arial,sans-serif;\"><span style=\"font-size: medium;\">El egresado UNES cuenta con una herramienta que le permitir\u00e1 asumir las actividades agr\u00edcolas en su entorno y <b>desarrollar actividades extracurriculares productivas.<\/b><\/span><\/span><\/p>\n<p align=\"justify\">\u00a0<\/p>\n<p class=\"western\" style=\"text-align: justify;\" align=\"justify\"><span style=\"font-family: Arial,sans-serif;\"><span style=\"font-size: medium;\"><b><img loading=\"lazy\" decoding=\"async\" class=\"size-full wp-image-15907 aligncenter\" src=\"http:\/\/www.inces.gob.ve\/wp-content\/uploads\/2018\/07\/2Producci\u00f3n-de-Hortalizas.jpg\" alt=\"\" width=\"600\" height=\"657\" \/><\/b><\/span><\/span><\/p>\n<p class=\"western\" style=\"text-align: justify;\" align=\"justify\"><span style=\"font-family: Arial,sans-serif;\"><span style=\"font-size: medium;\">Esta actividad formativa fue desarrollada por el maestro t\u00e9cnico productivo Ra\u00fal Pinto Blanco, con el acompa\u00f1amiento de Nancy Gonz\u00e1lez, coordinadora de huertos de la instituci\u00f3n y Marisol Medina supervisora docente del Inces Urimare<\/span><\/span><\/p>\n<p class=\"western\" style=\"text-align: justify;\">\n <\/p>\n","protected":false},"excerpt":{"rendered":"<p>** Espacios agr\u00edcolas de la UNES Vargas se fortalecen con emprendimiento productivo<\/p>\n","protected":false},"author":15,"featured_media":15908,"comment_status":"closed","ping_status":"closed","sticky":false,"template":"","format":"standard","meta":{"footnotes":""},"categories":[2],"tags":[],"class_list":["post-15906","post","type-post","status-publish","format-standard","has-post-thumbnail","hentry","category-blog"],"_links":{"self":[{"href":"https:\/\/inces.gob.ve\/index.php\/wp-json\/wp\/v2\/posts\/15906","targetHints":{"allow":["GET"]}}],"collection":[{"href":"https:\/\/inces.gob.ve\/index.php\/wp-json\/wp\/v2\/posts"}],"about":[{"href":"https:\/\/inces.gob.ve\/index.php\/wp-json\/wp\/v2\/types\/post"}],"author":[{"embeddable":true,"href":"https:\/\/inces.gob.ve\/index.php\/wp-json\/wp\/v2\/users\/15"}],"replies":[{"embeddable":true,"href":"https:\/\/inces.gob.ve\/index.php\/wp-json\/wp\/v2\/comments?post=15906"}],"version-history":[{"count":1,"href":"https:\/\/inces.gob.ve\/index.php\/wp-json\/wp\/v2\/posts\/15906\/revisions"}],"predecessor-version":[{"id":19238,"href":"https:\/\/inces.gob.ve\/index.php\/wp-json\/wp\/v2\/posts\/15906\/revisions\/19238"}],"wp:featuredmedia":[{"embeddable":true,"href":"https:\/\/inces.gob.ve\/index.php\/wp-json\/"}],"wp:attachment":[{"href":"https:\/\/inces.gob.ve\/index.php\/wp-json\/wp\/v2\/media?parent=15906"}],"wp:term":[{"taxonomy":"category","embeddable":true,"href":"https:\/\/inces.gob.ve\/index.php\/wp-json\/wp\/v2\/categories?post=15906"},{"taxonomy":"post_tag","embeddable":true,"href":"https:\/\/inces.gob.ve\/index.php\/wp-json\/wp\/v2\/tags?post=15906"}],"curies":[{"name":"wp","href":"https:\/\/api.w.org\/{rel}","templated":true}]}}