{"id":15946,"date":"2018-07-04T13:33:44","date_gmt":"2018-07-04T19:33:44","guid":{"rendered":"http:\/\/www.inces.gob.ve\/?p=15946"},"modified":"2020-05-28T20:31:53","modified_gmt":"2020-05-29T00:31:53","slug":"sucre-chamba-juvenil-inces-resistencia-lucha-cumana","status":"publish","type":"post","link":"https:\/\/inces.gob.ve\/index.php\/2018\/07\/04\/sucre-chamba-juvenil-inces-resistencia-lucha-cumana\/","title":{"rendered":"En Sucre Chamba Juvenil Inces es resistencia de lucha en Cuman\u00e1"},"content":{"rendered":"<p style=\"text-align: justify;\" align=\"justify\"><span style=\"font-family: Arial,sans-serif;\"><span style=\"font-size: medium;\"><i><b>** Hay m\u00e1s de mil j\u00f3venes atendidos por \u00e9sta importante estrategia del Gobierno Bolivariano que estimula el empleo productivo<\/b><\/i><\/span><\/span><\/p>\n<p style=\"text-align: justify;\" align=\"justify\"><!--more--><\/p>\n<p style=\"text-align: justify;\" align=\"justify\">\u00a0<\/p>\n<p style=\"text-align: justify;\" align=\"justify\"><span style=\"font-family: Arial,sans-serif;\"><span style=\"font-size: medium;\"><b>MILAGROS GUERRERO<\/b> | <b>Sucre<\/b><\/span><\/span><\/p>\n<p style=\"text-align: justify;\" align=\"justify\">\u00a0<\/p>\n<p style=\"text-align: justify;\" align=\"justify\"><span style=\"font-family: Arial,sans-serif;\"><span style=\"font-size: medium;\">La Chamba Juvenil Aprendices Inces se ha convertido en la verdadera resistencia del momento hist\u00f3rico que vive el pa\u00eds ante los efectos de la guerra y en Cuman\u00e1 los j\u00f3venes que se forman a trav\u00e9s de \u00e9sta innovadora misi\u00f3n, son los principales combatientes ante los ataques del imperio yanqui, con el ser humano desde todas sus dimensiones.<\/span><\/span><\/p>\n<p style=\"text-align: justify;\" align=\"justify\">\u00a0<\/p>\n<p style=\"text-align: justify;\" align=\"justify\"><span style=\"font-family: Arial,sans-serif;\"><span style=\"font-size: medium;\">Ese fue el argumento central expuesto por los ponentes invitados al Foro sobre Ideolog\u00eda realizado como parte de la celebraci\u00f3n del <b>I Aniversario del Plan Chamba Juvenil Productiva Inces en el estado Sucre<\/b>, donde con explicaciones precisas y ejemplarizantes el presidente del Consejo Legislativo del estado Sucre (Cles) Jos\u00e9 Mart\u00ednez, el coordinador de formaci\u00f3n ideol\u00f3gica del equipo pol\u00edtico estatal del Psuv Fedemarx Gamboa y el integrante de la Jpsuv Julio Mayo, reflexionaron junto a los inceistas la trascendencia e importancia de la labor que hoy protagonizan los muchachos que lo integran.<\/span><\/span><\/p>\n<p style=\"text-align: justify;\" align=\"justify\">\u00a0<\/p>\n<p style=\"text-align: justify;\" align=\"justify\"><span style=\"font-family: Arial,sans-serif;\"><span style=\"font-size: medium;\">La parte fuerte en dicho foro fue el por qu\u00e9 ahora se eleva a Misi\u00f3n Chamba Juvenil la dura batalla que los j\u00f3venes est\u00e1n dando al imperio yanqui desde la perspectiva de la formaci\u00f3n productiva; el nivel de conciencia y preparaci\u00f3n profesional que adquieren desde el Inces, instituci\u00f3n que los forma para ser los nuevos republicanos que subviertan y creen la resistencia a los embates del capitalismo versus un modelo liberador, inclusivo y democr\u00e1tico como es el socialismo bolivariano.<\/span><\/span><\/p>\n<p style=\"text-align: justify;\" align=\"justify\">\u00a0<\/p>\n<p style=\"text-align: justify;\" align=\"justify\"><img loading=\"lazy\" decoding=\"async\" class=\"size-full wp-image-15947 aligncenter\" src=\"http:\/\/www.inces.gob.ve\/wp-content\/uploads\/2018\/07\/2Chamba-Juvenil-Inces.jpg\" alt=\"\" width=\"850\" height=\"567\" \/><\/p>\n<p style=\"text-align: justify;\" align=\"justify\"><span style=\"font-family: Arial,sans-serif;\"><span style=\"font-size: medium;\">El evento efectuado en el auditorio del Centro de Formaci\u00f3n Socialista (<b>CFS<\/b>) <b>Industria<\/b> de Bolivariano, cont\u00f3 tambi\u00e9n con la muestra de cultura popular <b>La Ara\u00f1a<\/b>, diversi\u00f3n interpretada por la agrupaci\u00f3n folclorista de Odolis Rodr\u00edguez y que en el ingenio popular transmite el mensaje de que <b>unidos podemos acabar<\/b> con los problemas y <b>el mal<\/b> que el capitalismo pretende continuar sobre la patria venezolana.<\/span><\/span><\/p>\n<p style=\"text-align: justify;\" align=\"justify\">\u00a0<\/p>\n<p style=\"text-align: justify;\" align=\"justify\"><span style=\"font-family: Arial,sans-serif;\"><span style=\"font-size: medium;\">La bienvenida a los j\u00f3venes de la <b>Chamba Juventud Productiva Inces <\/b>estuvo a cargo de la gerente regional Audin Navarro, quien ofreci\u00f3 un balance a la fecha de logros y progresos de esta medular misi\u00f3n de la instituci\u00f3n socialista. En ese sentido dijo que en la entidad sucrense existen m\u00e1s de 200 j\u00f3venes en formaci\u00f3n que <b>ya<\/b> est\u00e1n <b>contratados<\/b> en empresas p\u00fablicas y privadas.<\/span><\/span><\/p>\n<p style=\"text-align: justify;\" align=\"justify\">\u00a0<\/p>\n<p style=\"text-align: justify;\" align=\"justify\"><span style=\"font-family: Arial,sans-serif;\"><span style=\"font-size: medium;\">Cabe destacar que desde la coordinaci\u00f3n del Programa Nacional de Aprendizaje(<b>PNA<\/b><b>)<\/b> del Inces Sucre, se cumple con los acuerdos establecidos entre las empresas p\u00fablicas y privadas tras el lanzamiento de dicho plan. Hasta este momento se atienden aprendices desde las diferentes comunidades y sectores en la entidad, insert\u00e1ndolos para que realicen su formaci\u00f3n en el oficio calificado que seleccionaron en los motores priorizados Comercio e Industrial. <\/span><\/span><\/p>\n<p style=\"text-align: justify;\" align=\"justify\">\u00a0<\/p>\n<p style=\"text-align: justify;\" align=\"justify\"><span style=\"font-family: Arial,sans-serif;\"><span style=\"font-size: medium;\">Adem\u00e1s, hay m\u00e1s de mil j\u00f3venes atendidos, considerando que estos, mientras ingresan al programa de formaci\u00f3n, reciben su tarjeta asignada por MinJuventud con un incentivo por concepto de formaci\u00f3n o conformaci\u00f3n de brigadas.<\/span><\/span><\/p>\n","protected":false},"excerpt":{"rendered":"<p>** Hay m\u00e1s de mil j\u00f3venes atendidos por \u00e9sta importante estrategia del Gobierno Bolivariano que estimula el empleo productivo<\/p>\n","protected":false},"author":15,"featured_media":15948,"comment_status":"closed","ping_status":"closed","sticky":false,"template":"","format":"standard","meta":{"footnotes":""},"categories":[2],"tags":[],"class_list":["post-15946","post","type-post","status-publish","format-standard","has-post-thumbnail","hentry","category-blog"],"_links":{"self":[{"href":"https:\/\/inces.gob.ve\/index.php\/wp-json\/wp\/v2\/posts\/15946","targetHints":{"allow":["GET"]}}],"collection":[{"href":"https:\/\/inces.gob.ve\/index.php\/wp-json\/wp\/v2\/posts"}],"about":[{"href":"https:\/\/inces.gob.ve\/index.php\/wp-json\/wp\/v2\/types\/post"}],"author":[{"embeddable":true,"href":"https:\/\/inces.gob.ve\/index.php\/wp-json\/wp\/v2\/users\/15"}],"replies":[{"embeddable":true,"href":"https:\/\/inces.gob.ve\/index.php\/wp-json\/wp\/v2\/comments?post=15946"}],"version-history":[{"count":1,"href":"https:\/\/inces.gob.ve\/index.php\/wp-json\/wp\/v2\/posts\/15946\/revisions"}],"predecessor-version":[{"id":19230,"href":"https:\/\/inces.gob.ve\/index.php\/wp-json\/wp\/v2\/posts\/15946\/revisions\/19230"}],"wp:featuredmedia":[{"embeddable":true,"href":"https:\/\/inces.gob.ve\/index.php\/wp-json\/"}],"wp:attachment":[{"href":"https:\/\/inces.gob.ve\/index.php\/wp-json\/wp\/v2\/media?parent=15946"}],"wp:term":[{"taxonomy":"category","embeddable":true,"href":"https:\/\/inces.gob.ve\/index.php\/wp-json\/wp\/v2\/categories?post=15946"},{"taxonomy":"post_tag","embeddable":true,"href":"https:\/\/inces.gob.ve\/index.php\/wp-json\/wp\/v2\/tags?post=15946"}],"curies":[{"name":"wp","href":"https:\/\/api.w.org\/{rel}","templated":true}]}}