{"id":15950,"date":"2018-07-04T13:39:37","date_gmt":"2018-07-04T19:39:37","guid":{"rendered":"http:\/\/www.inces.gob.ve\/?p=15950"},"modified":"2020-05-28T20:33:26","modified_gmt":"2020-05-29T00:33:26","slug":"178-aprendices-iniciaron-formacion-la-gran-mision-chamba-juvenil","status":"publish","type":"post","link":"https:\/\/inces.gob.ve\/index.php\/2018\/07\/04\/178-aprendices-iniciaron-formacion-la-gran-mision-chamba-juvenil\/","title":{"rendered":"178 aprendices iniciaron formaci\u00f3n con la Gran Misi\u00f3n Chamba Juvenil"},"content":{"rendered":"<p class=\"western\" style=\"text-align: justify;\" align=\"left\"><span style=\"font-family: Arial,sans-serif;\"><i><b>** La incorporaci\u00f3n ser\u00e1 paulatina hasta cumplir con la meta de 3 mil j\u00f3venes que corresponden al estado Monagas<\/b><\/i><\/span><\/p>\n<p class=\"western\" style=\"text-align: justify;\" align=\"left\"><!--more--><\/p>\n<p class=\"western\" style=\"text-align: justify;\" align=\"justify\"><span style=\"font-family: Arial,sans-serif;\"><span style=\"color: #000000;\"><b>MARI\u00c1NGEL HENR\u00cdQUEZ<\/b><\/span><b> <\/b><span style=\"color: #000000;\"><span style=\"font-size: large;\"><b>| <\/b><\/span><\/span><span style=\"color: #000000;\"><b>Monagas<\/b><\/span><\/span><\/p>\n<p class=\"western\" style=\"text-align: justify;\" align=\"justify\"><span style=\"font-family: Arial,sans-serif;\"><span style=\"color: #000000;\">Con un acto c\u00edvico realizado en la plaza \u201cLuis Beltr\u00e1n Prieto Figueroa\u201d, una nueva oleada de 178 j\u00f3venes provenientes de las comunidades del estado Monagas, comenzaron el proceso formativo ofrecido por el Instituto Nacional de Capacitaci\u00f3n y Educaci\u00f3n Socialista (Inces) en conjunto con las academias y entidades de trabajo del sector p\u00fablico y privado, para seguir cumpliendo con la orientaci\u00f3n del presidente Nicol\u00e1s Maduro de<\/span> incorporar a la juventud a los planes productivos.<\/span><\/p>\n<p class=\"western\" style=\"text-align: justify;\" align=\"justify\"><span style=\"font-family: Arial,sans-serif;\">Portando sus uniformes, cuadernos y libros, los chamos rindieron honores a los s\u00edmbolos patrios y atendieron a las palabras de bienvenida de William N\u00fa\u00f1ez, gerente regional del Inces y de los representantes de los Instituto de Acci\u00f3n Docente Delegada (IADD), espacios donde realizar\u00e1n la fase te\u00f3rica durante un a\u00f1o.<\/span><\/p>\n<p class=\"western\" style=\"text-align: justify;\" align=\"justify\">\u201c<span style=\"font-family: Arial,sans-serif;\">Nos sentimos muy contentos de recibir a esta heroica muchachada, porque han atendido al llamado que les ha hecho la revoluci\u00f3n bolivariana de incorporarse y formarse como aprendices a trav\u00e9s de la Misi\u00f3n Chamba Juvenil, donde se les dar\u00e1 una fase te\u00f3rica y luego pasar\u00e1n a la pr\u00e1ctica en las diversas instituciones, otorg\u00e1ndoles los beneficios estipulados en la Ley Org\u00e1nica del Trabajo, los Trabajadores y Trabajadoras (Lottt)\u201d, se refiri\u00f3 N\u00fa\u00f1ez a los j\u00f3venes.<\/span><\/p>\n<p class=\"western\" style=\"text-align: justify;\" align=\"justify\"><span style=\"font-family: Arial,sans-serif;\"><img loading=\"lazy\" decoding=\"async\" class=\"size-full wp-image-15952 aligncenter\" src=\"http:\/\/www.inces.gob.ve\/wp-content\/uploads\/2018\/07\/1Misi\u00f3n-Chamba-Juvenil.jpg\" alt=\"\" width=\"850\" height=\"638\" \/><\/span><\/p>\n<p class=\"western\" style=\"text-align: justify;\" align=\"justify\"><span style=\"font-family: Arial,sans-serif;\">Adem\u00e1s, los exhort\u00f3 a formar parte de la juventud vanguardia y productiva; creando, innovando, produciendo, poniendo en pr\u00e1ctica su creatividad y disciplina en cada uno de los espacios formativos.<\/span><\/p>\n<p class=\"western\" style=\"text-align: justify;\" align=\"justify\"><span style=\"font-family: Arial,sans-serif;\">Por su parte, Ra\u00fal Le\u00f3n, indic\u00f3, \u201cme siento muy contento, con muchas expectativas y ganas de capacitarme en el oficio de Mec\u00e1nica Automotr\u00edz y en otros saberes. Hoy nuestro pa\u00eds necesita gente que quiera trabajar para salir adelante y es por eso que nosotros estamos aqu\u00ed para eso, pues juntos lograremos avanzar hacia un pa\u00eds potencia en todos los \u00e1mbitos, econ\u00f3mico, social, pol\u00edtico y productivo\u201d.<\/span><\/p>\n<p class=\"western\" style=\"text-align: justify;\" align=\"justify\"><span style=\"font-family: Arial,sans-serif;\">Cabe destacar que en los pr\u00f3ximos d\u00edas se continuar\u00e1 dando respuestas a los j\u00f3venes con los planes formativos de la instituci\u00f3n, para as\u00ed alcanzar y superar la meta de 3 mil aprendices que se tienen previsto incorporar en la entidad monaguense.<\/span><\/p>\n","protected":false},"excerpt":{"rendered":"<p>** La incorporaci\u00f3n ser\u00e1 paulatina hasta cumplir con la meta de 3 mil j\u00f3venes que corresponden al estado Monagas<\/p>\n","protected":false},"author":15,"featured_media":15951,"comment_status":"closed","ping_status":"closed","sticky":false,"template":"","format":"standard","meta":{"footnotes":""},"categories":[2],"tags":[],"class_list":["post-15950","post","type-post","status-publish","format-standard","has-post-thumbnail","hentry","category-blog"],"_links":{"self":[{"href":"https:\/\/inces.gob.ve\/index.php\/wp-json\/wp\/v2\/posts\/15950","targetHints":{"allow":["GET"]}}],"collection":[{"href":"https:\/\/inces.gob.ve\/index.php\/wp-json\/wp\/v2\/posts"}],"about":[{"href":"https:\/\/inces.gob.ve\/index.php\/wp-json\/wp\/v2\/types\/post"}],"author":[{"embeddable":true,"href":"https:\/\/inces.gob.ve\/index.php\/wp-json\/wp\/v2\/users\/15"}],"replies":[{"embeddable":true,"href":"https:\/\/inces.gob.ve\/index.php\/wp-json\/wp\/v2\/comments?post=15950"}],"version-history":[{"count":1,"href":"https:\/\/inces.gob.ve\/index.php\/wp-json\/wp\/v2\/posts\/15950\/revisions"}],"predecessor-version":[{"id":19229,"href":"https:\/\/inces.gob.ve\/index.php\/wp-json\/wp\/v2\/posts\/15950\/revisions\/19229"}],"wp:featuredmedia":[{"embeddable":true,"href":"https:\/\/inces.gob.ve\/index.php\/wp-json\/"}],"wp:attachment":[{"href":"https:\/\/inces.gob.ve\/index.php\/wp-json\/wp\/v2\/media?parent=15950"}],"wp:term":[{"taxonomy":"category","embeddable":true,"href":"https:\/\/inces.gob.ve\/index.php\/wp-json\/wp\/v2\/categories?post=15950"},{"taxonomy":"post_tag","embeddable":true,"href":"https:\/\/inces.gob.ve\/index.php\/wp-json\/wp\/v2\/tags?post=15950"}],"curies":[{"name":"wp","href":"https:\/\/api.w.org\/{rel}","templated":true}]}}