{"id":15968,"date":"2018-07-04T14:56:52","date_gmt":"2018-07-04T20:56:52","guid":{"rendered":"http:\/\/www.inces.gob.ve\/?p=15968"},"modified":"2020-05-28T20:31:53","modified_gmt":"2020-05-29T00:31:53","slug":"inces-participo-la-expoferia-territorio-potencia","status":"publish","type":"post","link":"https:\/\/inces.gob.ve\/index.php\/2018\/07\/04\/inces-participo-la-expoferia-territorio-potencia\/","title":{"rendered":"Inces particip\u00f3 en la Expofer\u00eda Territorio Potencia"},"content":{"rendered":"<p style=\"text-align: justify;\" align=\"justify\"><span style=\"font-size: x-large;\"><span style=\"font-size: 16px;\"><em><strong>** Electricidad y Electr\u00f3nica, textil, calzado y reparaci\u00f3n de bombillos ahorradores fueron algunas de las muestras que llev\u00f3 el Inces<\/strong><\/em><\/span><br \/>\n<\/span><!--more--><\/p>\n<p style=\"text-align: justify;\" align=\"justify\"><span style=\"font-size: small;\"><b>DIMAS P\u00c1EZ | Miranda <\/b><\/span><\/p>\n<p style=\"text-align: justify;\" align=\"justify\">Desde las instalaciones del Colegio Universitario de Caracas, ubicado en La Floresta, se llev\u00f3 a cabo la Expoferia Territorio Potencia \u201cCapital, Miranda y Vargas\u201d.<\/p>\n<p align=\"justify\">\u00a0<\/p>\n<p style=\"text-align: justify;\" align=\"justify\"><img loading=\"lazy\" decoding=\"async\" class=\"size-full wp-image-15977 aligncenter\" src=\"http:\/\/www.inces.gob.ve\/wp-content\/uploads\/2018\/07\/4-05-2018JLf_feria_unexca_inces1.jpg\" alt=\"\" width=\"800\" height=\"533\" \/><\/p>\n<p align=\"justify\">\u00a0<\/p>\n<p style=\"text-align: justify;\" align=\"justify\">La actividad cont\u00f3 con la participaci\u00f3n del Instituto Nacional de Capacitaci\u00f3n y Educaci\u00f3n Socialista (Inces), en las \u00e1reas de confecci\u00f3n y reparaci\u00f3n y fabricaci\u00f3n de calzado, por parte de los Centros de Formaci\u00f3n Socialista (CFS) Textil Miranda y Danilo Anderson; mientras que el CFS Electricidad y Electr\u00f3nica mostr\u00f3 avances tecnol\u00f3gicos en varias de sus ramas.<\/p>\n<p align=\"justify\">\u00a0<\/p>\n<p style=\"text-align: justify;\" align=\"justify\">La bienvenida estuvo a cargo del subdirector acad\u00e9mico, William Hern\u00e1ndez, quien resalt\u00f3 como \u201cesta feria debe significar un avance sustantivo y un desarrollo constructivo de los esfuerzos que est\u00e1n realizando nuestros innovadores, nuestros tecn\u00f3logos y cient\u00edficos, para dar repuestas ante las demande que tenemos como sociedad\u201d.<\/p>\n<p align=\"justify\">\u00a0<\/p>\n<p style=\"text-align: justify;\" align=\"justify\"><img loading=\"lazy\" decoding=\"async\" class=\"size-full wp-image-15976 aligncenter\" src=\"http:\/\/www.inces.gob.ve\/wp-content\/uploads\/2018\/07\/4-05-2018JLf_feria_unexca_inces5.jpg\" alt=\"\" width=\"800\" height=\"533\" \/><\/p>\n<p align=\"justify\">\u00a0<\/p>\n<p style=\"text-align: justify;\" align=\"justify\">As\u00ed mismo Ernesto Ruiz, profesor de electr\u00f3nica del Inces, expres\u00f3: \u201cEstoy presentando en esta exposici\u00f3n una pieza que se cataloga como equipo Mecatr\u00f3nico, el cual consiste en una cortadora de anime, tipo CNC o control num\u00e9rico; este utiliza la t\u00e9cnica de control num\u00e9rico computarizado que es industrialmente empleada para el corte de precisi\u00f3n bien sea en laminas met\u00e1licas o de otro tipo\u201d.<\/p>\n<p align=\"justify\">\u00a0<\/p>\n<p style=\"text-align: justify;\" align=\"justify\"><img loading=\"lazy\" decoding=\"async\" class=\"size-full wp-image-15973 aligncenter\" src=\"http:\/\/www.inces.gob.ve\/wp-content\/uploads\/2018\/07\/4-05-2018JLf_feria_unexca_inces10.jpg\" alt=\"\" width=\"800\" height=\"533\" \/><\/p>\n<p align=\"justify\">\u00a0<\/p>\n<p style=\"text-align: justify;\" align=\"justify\">Gertrudis Pe\u00f1aloza, maestra del Inces, acot\u00f3 \u201cen el d\u00eda de hoy estamos exhibiendo las confecciones realizadas por las participantes que se forman en el CFS. Textil Miranda, las personas llegan sin tener ning\u00fan tipo de conocimientos sobre la confecci\u00f3n, pero en el Inces les damos las herramientas adecuadas para dotarlas de todos esos conocimientos necesarios para la realizaci\u00f3n de patr\u00f3n, corte de tela, confecci\u00f3n y como manipular la m\u00e1quina de coser; aqu\u00ed aprenden a hacer uniformes escolares, bragas, kit para cocineros, franelas, camisas, etc. Estos cursos se dan con la intenci\u00f3n de formar produciendo y producir formando\u201d.<\/p>\n<p align=\"justify\">\u00a0<\/p>\n<p style=\"text-align: justify;\" align=\"justify\"><img loading=\"lazy\" decoding=\"async\" class=\"size-full wp-image-15975 aligncenter\" src=\"http:\/\/www.inces.gob.ve\/wp-content\/uploads\/2018\/07\/4-05-2018JLf_feria_unexca_inces6.jpg\" alt=\"\" width=\"800\" height=\"533\" \/><\/p>\n<p align=\"justify\">\u00a0<\/p>\n<p style=\"text-align: justify;\" align=\"justify\">El Inces Miranda tambi\u00e9n mostr\u00f3 lo que hace en materia de reparaci\u00f3n y confecci\u00f3n de calzados, reparaci\u00f3n de modem y reparaci\u00f3n de bombillo ahorradores.<\/p>\n<p align=\"justify\">\u00a0<\/p>\n<p style=\"text-align: justify;\" align=\"justify\"><img loading=\"lazy\" decoding=\"async\" class=\"size-full wp-image-15974 aligncenter\" src=\"http:\/\/www.inces.gob.ve\/wp-content\/uploads\/2018\/07\/4-05-2018JLf_feria_unexca_inces8.jpg\" alt=\"\" width=\"800\" height=\"533\" \/><\/p>\n<p align=\"justify\">\u00a0<\/p>\n<p style=\"text-align: justify;\" align=\"justify\">La Expoferia cont\u00f3 con la participaci\u00f3n de la Fundaci\u00f3n Centro Conservacionista San Pedro, Centro Nacional de Desarrollo e Investigaci\u00f3n en Telecomunicaciones, Corporaci\u00f3n para el Desarrollo Cient\u00edfico y Tecnol\u00f3gico, Fundaci\u00f3n Instituto de Estudios Avanzados, Instituto de Altos Estudios para la Soberan\u00eda, Defensa y Producci\u00f3n Agrio-Alimentaria Las Cuatro Ra\u00edces, Educando al Poder Popular, Industrias Canaima y el Centro Nacional de Tecnolog\u00eda Qu\u00edmica, entre otras, quienes mostraron sus avances de investigaci\u00f3n en sus \u00e1reas particulares de desarrollo.<\/p>\n<p align=\"justify\">\u00a0<\/p>\n<p align=\"justify\">\u00a0<\/p>\n<p style=\"text-align: justify;\" align=\"justify\"><img loading=\"lazy\" decoding=\"async\" class=\"size-full wp-image-15972 aligncenter\" src=\"http:\/\/www.inces.gob.ve\/wp-content\/uploads\/2018\/07\/4-05-2018JLf_feria_unexca_inces11.jpg\" alt=\"\" width=\"800\" height=\"533\" \/><\/p>\n<p align=\"justify\">\u00a0<\/p>\n<p style=\"text-align: justify;\" align=\"justify\">La feria estuvo amenizada por el Sonero Colegio Universitario de Caracas, Agrupaci\u00f3n Musical UBV y Agrupaci\u00f3n Musical Unearte, quienes llenaron de gratas melod\u00edas musicales el momento, con diferentes estilos.<\/p>\n","protected":false},"excerpt":{"rendered":"<p>** Electricidad y Electr\u00f3nica, textil, calzado y reparaci\u00f3n de bombillos ahorradores fueron algunas de las muestras que llev\u00f3 el Inces<\/p>\n","protected":false},"author":4,"featured_media":15969,"comment_status":"closed","ping_status":"closed","sticky":false,"template":"","format":"standard","meta":{"footnotes":""},"categories":[2],"tags":[],"class_list":["post-15968","post","type-post","status-publish","format-standard","has-post-thumbnail","hentry","category-blog"],"_links":{"self":[{"href":"https:\/\/inces.gob.ve\/index.php\/wp-json\/wp\/v2\/posts\/15968","targetHints":{"allow":["GET"]}}],"collection":[{"href":"https:\/\/inces.gob.ve\/index.php\/wp-json\/wp\/v2\/posts"}],"about":[{"href":"https:\/\/inces.gob.ve\/index.php\/wp-json\/wp\/v2\/types\/post"}],"author":[{"embeddable":true,"href":"https:\/\/inces.gob.ve\/index.php\/wp-json\/wp\/v2\/users\/4"}],"replies":[{"embeddable":true,"href":"https:\/\/inces.gob.ve\/index.php\/wp-json\/wp\/v2\/comments?post=15968"}],"version-history":[{"count":1,"href":"https:\/\/inces.gob.ve\/index.php\/wp-json\/wp\/v2\/posts\/15968\/revisions"}],"predecessor-version":[{"id":19226,"href":"https:\/\/inces.gob.ve\/index.php\/wp-json\/wp\/v2\/posts\/15968\/revisions\/19226"}],"wp:featuredmedia":[{"embeddable":true,"href":"https:\/\/inces.gob.ve\/index.php\/wp-json\/"}],"wp:attachment":[{"href":"https:\/\/inces.gob.ve\/index.php\/wp-json\/wp\/v2\/media?parent=15968"}],"wp:term":[{"taxonomy":"category","embeddable":true,"href":"https:\/\/inces.gob.ve\/index.php\/wp-json\/wp\/v2\/categories?post=15968"},{"taxonomy":"post_tag","embeddable":true,"href":"https:\/\/inces.gob.ve\/index.php\/wp-json\/wp\/v2\/tags?post=15968"}],"curies":[{"name":"wp","href":"https:\/\/api.w.org\/{rel}","templated":true}]}}