{"id":16045,"date":"2018-07-09T09:40:20","date_gmt":"2018-07-09T15:40:20","guid":{"rendered":"http:\/\/www.inces.gob.ve\/?p=16045"},"modified":"2020-05-28T20:33:31","modified_gmt":"2020-05-29T00:33:31","slug":"agrupacion-cultural-inces-llevo-acto-circense-escuela-aragua","status":"publish","type":"post","link":"https:\/\/inces.gob.ve\/index.php\/2018\/07\/09\/agrupacion-cultural-inces-llevo-acto-circense-escuela-aragua\/","title":{"rendered":"Agrupaci\u00f3n cultural Inces llev\u00f3 acto circense a escuela en Aragua"},"content":{"rendered":"<p style=\"text-align: justify;\"><em><strong><span style=\"font-family: Arial,sans-serif;\">** Participantes de las formaciones art\u00edsticas demostraron su talento<\/span><\/strong><\/em><\/p>\n<p>&nbsp;<\/p>\n<p style=\"text-align: justify;\"><!--more--><\/p>\n<p style=\"text-align: justify;\"><span style=\"font-family: Arial,sans-serif;\">MAR\u00cdA VER\u00d3NICA MOLINA | Aragua <\/span><\/p>\n<p style=\"text-align: justify;\">\u00a0<\/p>\n<p style=\"text-align: justify;\"><span style=\"font-family: Arial,sans-serif;\">Con \u00e1nimos de impulsar la cultura en las instituciones educativas e incentivar a la colectividad a formar parte de ella, participantes de las formaciones culturales del Inces en Aragua, con el apoyo de la agrupaci\u00f3n \u201cMaskara Tabla\u201d llevaron alegr\u00eda circense a la U.E Colegio \u201cCristo Rey\u201d del municipio Mario Brice\u00f1o Iragorry.<\/span><\/p>\n<p style=\"text-align: justify;\">\u00a0<\/p>\n<p style=\"text-align: justify;\"><span style=\"font-family: Arial,sans-serif;\">El instructor y actor integral del Inces, Alejandro R\u00edos, ense\u00f1a en cada clase a los participantes sobre la historia del teatro en el mundo y en Venezuela; adem\u00e1s de indicarles t\u00e9cnicas corporales y de expresi\u00f3n al momento de actuar en cualquier obra y a compenetrarse de manera correcta con el personaje asignado.<\/span><\/p>\n<p>&nbsp;<\/p>\n<p style=\"text-align: justify;\"><span style=\"font-family: Arial,sans-serif;\"><img loading=\"lazy\" decoding=\"async\" class=\"size-full wp-image-16047 aligncenter\" src=\"http:\/\/www.inces.gob.ve\/wp-content\/uploads\/2018\/07\/3acto-circense.jpg\" alt=\"\" width=\"800\" height=\"531\" \/><\/span><\/p>\n<p style=\"text-align: justify;\">\n <span style=\"font-family: Arial,sans-serif;\">En esta ocasi\u00f3n, m\u00e1s de 300 peque\u00f1os disfrutaron de actos con mimos, quienes participaron en cuentos improvisados por los actores. Asimismo, no pod\u00eda faltar el tradicional payaso, quien simul\u00f3 realizar una operaci\u00f3n a coraz\u00f3n abierto a uno de los ni\u00f1os de sexto grado, logrando risas imparables en los presentes.<\/span><\/p>\n<p style=\"text-align: justify;\">\n <img loading=\"lazy\" decoding=\"async\" class=\"size-full wp-image-16046 aligncenter\" src=\"http:\/\/www.inces.gob.ve\/wp-content\/uploads\/2018\/07\/4acto-circense.jpg\" alt=\"\" width=\"800\" height=\"531\" \/><\/p>\n<p style=\"text-align: justify;\"><span style=\"font-family: Arial,sans-serif;\">Seguidamente, tres acr\u00f3batas profesionales relataron historias de amor y de princesas desde las alturas, colgados en cintas y aros de metal. A la actividad circense, tambi\u00e9n lleg\u00f3 desde las ultratumbas el hombre de fuego para ejecutar un acto con llamas que salieron desde su boca y, la extraordinaria bailarina del circo Maskara Tabla, cre\u00f3 una coreograf\u00eda con las estudiantes de primaria.<\/span><\/p>\n<p>&nbsp;<\/p>\n<p style=\"text-align: justify;\"><img loading=\"lazy\" decoding=\"async\" class=\"size-full wp-image-16049 aligncenter\" src=\"http:\/\/www.inces.gob.ve\/wp-content\/uploads\/2018\/07\/1acto-circense.jpg\" alt=\"\" width=\"800\" height=\"531\" \/><\/p>\n<p style=\"text-align: justify;\"><span style=\"font-family: Arial,sans-serif;\">Entre las atracciones, se narr\u00f3 tambi\u00e9n la historia donde dos peque\u00f1os iniciaron una amistad desde temprana edad cuando ambos viajaban con el circo y su familia, la cual termin\u00f3 en un romance con el pasar de los a\u00f1os. Para cerrar la actividad, el amigo zanquero bail\u00f3 y comparti\u00f3 con todos los ni\u00f1os y maestros de la escuela, adem\u00e1s de invitar a los interesados a formarse en cursos del \u00e1rea cultural en el Inces. <\/span><\/p>\n","protected":false},"excerpt":{"rendered":"<p>** Participantes de las formaciones art\u00edsticas demostraron su talento &nbsp;<\/p>\n","protected":false},"author":15,"featured_media":16048,"comment_status":"closed","ping_status":"closed","sticky":false,"template":"","format":"standard","meta":{"footnotes":""},"categories":[2],"tags":[],"class_list":["post-16045","post","type-post","status-publish","format-standard","has-post-thumbnail","hentry","category-blog"],"_links":{"self":[{"href":"https:\/\/inces.gob.ve\/index.php\/wp-json\/wp\/v2\/posts\/16045","targetHints":{"allow":["GET"]}}],"collection":[{"href":"https:\/\/inces.gob.ve\/index.php\/wp-json\/wp\/v2\/posts"}],"about":[{"href":"https:\/\/inces.gob.ve\/index.php\/wp-json\/wp\/v2\/types\/post"}],"author":[{"embeddable":true,"href":"https:\/\/inces.gob.ve\/index.php\/wp-json\/wp\/v2\/users\/15"}],"replies":[{"embeddable":true,"href":"https:\/\/inces.gob.ve\/index.php\/wp-json\/wp\/v2\/comments?post=16045"}],"version-history":[{"count":1,"href":"https:\/\/inces.gob.ve\/index.php\/wp-json\/wp\/v2\/posts\/16045\/revisions"}],"predecessor-version":[{"id":19213,"href":"https:\/\/inces.gob.ve\/index.php\/wp-json\/wp\/v2\/posts\/16045\/revisions\/19213"}],"wp:featuredmedia":[{"embeddable":true,"href":"https:\/\/inces.gob.ve\/index.php\/wp-json\/"}],"wp:attachment":[{"href":"https:\/\/inces.gob.ve\/index.php\/wp-json\/wp\/v2\/media?parent=16045"}],"wp:term":[{"taxonomy":"category","embeddable":true,"href":"https:\/\/inces.gob.ve\/index.php\/wp-json\/wp\/v2\/categories?post=16045"},{"taxonomy":"post_tag","embeddable":true,"href":"https:\/\/inces.gob.ve\/index.php\/wp-json\/wp\/v2\/tags?post=16045"}],"curies":[{"name":"wp","href":"https:\/\/api.w.org\/{rel}","templated":true}]}}