{"id":16060,"date":"2018-07-09T13:05:28","date_gmt":"2018-07-09T19:05:28","guid":{"rendered":"http:\/\/www.inces.gob.ve\/?p=16060"},"modified":"2020-05-28T20:31:52","modified_gmt":"2020-05-29T00:31:52","slug":"participantes-del-curso-electrotecnia-aprenden-reparar-bombillos-ahorradores","status":"publish","type":"post","link":"https:\/\/inces.gob.ve\/index.php\/2018\/07\/09\/participantes-del-curso-electrotecnia-aprenden-reparar-bombillos-ahorradores\/","title":{"rendered":"Participantes del curso de Electrotecnia aprenden a reparar bombillos ahorradores"},"content":{"rendered":"<p style=\"text-align: justify;\"><span style=\"font-family: Arial,sans-serif;\"><span style=\"font-size: medium;\"><i><b>** Las formaciones del Inces son enfocadas en promover el nuevo modelo econ\u00f3mico del pa\u00eds, a trav\u00e9s del hecho productivo <\/b><\/i><\/span><\/span><\/p>\n<p style=\"text-align: justify;\"><!--more--><\/p>\n<p style=\"text-align: justify;\">\u00a0<\/p>\n<p style=\"text-align: justify;\"><span style=\"font-family: Arial,sans-serif;\"><span style=\"font-size: medium;\"><b>MAR\u00cdA ALEJANDRA ARIAS<\/b> \/ Yaracuy<\/span><\/span><\/p>\n<p style=\"text-align: justify;\">\u00a0<\/p>\n<p style=\"text-align: justify;\"><span style=\"font-family: Arial,sans-serif;\"><span style=\"font-size: medium;\">Durante doscientas cuarenta y seis (246) horas, se desarrolla el curso de Electrot\u00e9cnia en el Centro de Formaci\u00f3n Socialista \u201cSan Felipe El Fuerte\u201d. Un total de doce (12) participantes aprenden sobre el reconocimiento de la corriente continua y alterna, revisar condensadores, bobinas, potencia el\u00e9ctrica, empalme y conductores el\u00e9ctricos.<\/span><\/span><\/p>\n<p style=\"text-align: justify;\">\u00a0<\/p>\n<p style=\"text-align: justify;\"><span style=\"font-family: Arial,sans-serif;\"><span style=\"font-size: medium;\">La informaci\u00f3n fue suministrada por Efra\u00edn Sequera, maestro t\u00e9cnico productivo del \u00e1rea industrial quien manifest\u00f3 que el prop\u00f3sito de la formaci\u00f3n es brindar herramientas que, adem\u00e1s de profundizar en el estudio de la electrot\u00e9cnia, buscan desarrollar competencias diversas en los participantes que les permita organizarse y realizar actividades de emprendimiento productivo. <\/span><\/span><\/p>\n<p>&nbsp;<\/p>\n<p style=\"text-align: justify;\"><span style=\"font-family: Arial,sans-serif;\"><span style=\"font-size: medium;\"><img loading=\"lazy\" decoding=\"async\" class=\"size-full wp-image-16063 aligncenter\" src=\"http:\/\/www.inces.gob.ve\/wp-content\/uploads\/2018\/07\/1reparar-bombillos.jpg\" alt=\"\" width=\"850\" height=\"638\" \/><\/span><\/span><\/p>\n<p style=\"text-align: justify;\"><span style=\"font-family: Arial,sans-serif;\"><span style=\"font-size: medium;\">Destac\u00f3 que un curso demandado y necesario para la poblaci\u00f3n, dada la situaci\u00f3n del pa\u00eds y los niveles de inflaci\u00f3n existentes, es el de reparaci\u00f3n de bombillos ahorradores. Permite la reutilizar de bombillos da\u00f1ados y que en muchos casos, son desechachos por desconocimiento. En el Inces se aplican t\u00e9cnicas que recuperan la l\u00e1mpara e inlcuso la tarjeta, por lo que la vida \u00fatil del bombillo es garantizada.<\/span><\/span><\/p>\n<p style=\"text-align: justify;\">\u00a0<\/p>\n<p style=\"text-align: justify;\"><span style=\"font-family: Arial,sans-serif;\"><span style=\"font-size: medium;\">Sequera acot\u00f3 que esta formaci\u00f3n es parte del valor agregado que est\u00e1 ofreciendo al grupo de participantes, quienes h\u00e1bidos de conocimientos, exigen ampliar sus saberes en diversas \u00e1reas. Acot\u00f3 que pr\u00f3ximamente se llevar\u00e1 a cabo una jornada de reparaci\u00f3n de artefacos electrodom\u00e9sticos y bombillos que beneficiar\u00e1 al personal del Inces y la comunidad en general.<\/span><\/span><\/p>\n<p style=\"text-align: justify;\">\u00a0<\/p>\n<p style=\"text-align: justify;\">\u00a0<\/p>\n<p style=\"text-align: justify;\">\u00a0<\/p>\n<p style=\"text-align: justify;\">\u00a0<\/p>\n","protected":false},"excerpt":{"rendered":"<p>** Las formaciones del Inces son enfocadas en promover el nuevo modelo econ\u00f3mico del pa\u00eds, a trav\u00e9s del hecho productivo<\/p>\n","protected":false},"author":15,"featured_media":16062,"comment_status":"closed","ping_status":"closed","sticky":false,"template":"","format":"standard","meta":{"footnotes":""},"categories":[2],"tags":[],"class_list":["post-16060","post","type-post","status-publish","format-standard","has-post-thumbnail","hentry","category-blog"],"_links":{"self":[{"href":"https:\/\/inces.gob.ve\/index.php\/wp-json\/wp\/v2\/posts\/16060","targetHints":{"allow":["GET"]}}],"collection":[{"href":"https:\/\/inces.gob.ve\/index.php\/wp-json\/wp\/v2\/posts"}],"about":[{"href":"https:\/\/inces.gob.ve\/index.php\/wp-json\/wp\/v2\/types\/post"}],"author":[{"embeddable":true,"href":"https:\/\/inces.gob.ve\/index.php\/wp-json\/wp\/v2\/users\/15"}],"replies":[{"embeddable":true,"href":"https:\/\/inces.gob.ve\/index.php\/wp-json\/wp\/v2\/comments?post=16060"}],"version-history":[{"count":1,"href":"https:\/\/inces.gob.ve\/index.php\/wp-json\/wp\/v2\/posts\/16060\/revisions"}],"predecessor-version":[{"id":19211,"href":"https:\/\/inces.gob.ve\/index.php\/wp-json\/wp\/v2\/posts\/16060\/revisions\/19211"}],"wp:featuredmedia":[{"embeddable":true,"href":"https:\/\/inces.gob.ve\/index.php\/wp-json\/"}],"wp:attachment":[{"href":"https:\/\/inces.gob.ve\/index.php\/wp-json\/wp\/v2\/media?parent=16060"}],"wp:term":[{"taxonomy":"category","embeddable":true,"href":"https:\/\/inces.gob.ve\/index.php\/wp-json\/wp\/v2\/categories?post=16060"},{"taxonomy":"post_tag","embeddable":true,"href":"https:\/\/inces.gob.ve\/index.php\/wp-json\/wp\/v2\/tags?post=16060"}],"curies":[{"name":"wp","href":"https:\/\/api.w.org\/{rel}","templated":true}]}}