{"id":16113,"date":"2018-07-12T12:41:18","date_gmt":"2018-07-12T18:41:18","guid":{"rendered":"http:\/\/www.inces.gob.ve\/?p=16113"},"modified":"2020-05-28T20:31:52","modified_gmt":"2020-05-29T00:31:52","slug":"programa-formacion-artes-culinarias-ejecutado-vargas","status":"publish","type":"post","link":"https:\/\/inces.gob.ve\/index.php\/2018\/07\/12\/programa-formacion-artes-culinarias-ejecutado-vargas\/","title":{"rendered":"Programa de Formaci\u00f3n en Artes Culinarias es ejecutado en Vargas"},"content":{"rendered":"<p class=\"western\" style=\"text-align: justify;\"><span style=\"font-family: Arial,sans-serif;\"><span style=\"font-size: medium;\"><i><b>** \u201cTodas las Manos a la siembra\u201d llega a Instituciones educativas de Vargas de la mano con el Inces<\/b><\/i><\/span><\/span><\/p>\n<p>&nbsp;<\/p>\n<p class=\"western\" style=\"text-align: justify;\"><!--more--><\/p>\n<p>&nbsp;<\/p>\n<p class=\"western\" style=\"text-align: justify;\"><span style=\"font-family: Arial,sans-serif;\"><span style=\"font-size: medium;\"><b>ZUVALQUI DUARTE<\/b> \/ Vargas<\/span><\/span><\/p>\n<p class=\"western\" style=\"text-align: justify;\">\u00a0<\/p>\n<p class=\"western\" style=\"text-align: justify;\"><span style=\"font-family: Arial,sans-serif;\"><span style=\"font-size: medium;\">La Zona Educativa de Vargas, en alianza formativa con el Inces guaire\u00f1o y el Programa \u201cTodas las Manos a la Siembra\u201d (PTMS), forma a los cocineros y cocineras de la patria con el fin de desarrollar distintos conocimientos en el \u00e1rea de la cocina relacionadas con la conservaci\u00f3n de alimentos y preparaciones alimentarias alternativas en funci\u00f3n a la realidad local y regional, as\u00ed como la recolecci\u00f3n, preservaci\u00f3n y conservaci\u00f3n de semillas.<\/span><\/span><\/p>\n<p class=\"western\" style=\"text-align: justify;\">\u00a0<\/p>\n<p class=\"western\" style=\"text-align: justify;\"><span style=\"font-family: Arial,sans-serif;\"><span style=\"font-size: medium;\">La directora de la Zona Educativa del estado Vargas, Irlanda Rodr\u00edguez, indic\u00f3 que trabaja en la actualizaci\u00f3n del Programa de Formaci\u00f3n Nacional en Arte Culinario y Alimentaci\u00f3n del Frente Fernanda Bola\u00f1os para fortalecer el conocimiento en el \u00e1rea agroalimentaria.<\/span><\/span><\/p>\n<p class=\"western\" style=\"text-align: justify;\">\u00a0<\/p>\n<p class=\"western\" style=\"text-align: justify;\"><span style=\"font-family: Arial,sans-serif;\"><span style=\"font-size: medium;\">Por su parte, la coordinadora del Programa Todas las Manos a la Siembra (PTMS), Maite Fern\u00e1ndez, perteneciente a la Divisi\u00f3n de Comunidades Educativas, agreg\u00f3 que los cocineros y cocineras de la patria en los a\u00f1os anteriores, s\u00f3lo uno de ellos recib\u00eda el conocimiento y posteriormente comentaba a los dem\u00e1s. Ahora cada uno de los cocineros y cocineras reciben la formaci\u00f3n, de forma articulada con el Ministerio del Poder Popular de Agricultura Urbana, Instituto Nacional de Capacitaci\u00f3n y Educaci\u00f3n socialista (INCES) y responsables del PTMS.<\/span><\/span><\/p>\n<p class=\"western\" style=\"text-align: justify;\"><span style=\"font-family: Arial,sans-serif;\"><span style=\"font-size: medium;\">Raquel Torres, responsable del Centro de Formaci\u00f3n Socialista (CFS) Huayra manifest\u00f3 la importancia de la implementaci\u00f3n de los conucos productivos en las instituciones educativas, ya que esto genera la producci\u00f3n de rubros que necesita el Programa de Alimentaci\u00f3n Escolar (PAE), igualmente destac\u00f3 que el CFS Huayra en sus espacios agr\u00edcolas tambi\u00e9n se suma a los patios productivos del PTMS.<\/span><\/span><\/p>\n<p class=\"western\" style=\"text-align: justify;\">\u00a0<\/p>\n","protected":false},"excerpt":{"rendered":"<p>** \u201cTodas las Manos a la siembra\u201d llega a Instituciones educativas de Vargas de la mano con el Inces &nbsp;<\/p>\n","protected":false},"author":15,"featured_media":16114,"comment_status":"closed","ping_status":"closed","sticky":false,"template":"","format":"standard","meta":{"footnotes":""},"categories":[2],"tags":[],"class_list":["post-16113","post","type-post","status-publish","format-standard","has-post-thumbnail","hentry","category-blog"],"_links":{"self":[{"href":"https:\/\/inces.gob.ve\/index.php\/wp-json\/wp\/v2\/posts\/16113","targetHints":{"allow":["GET"]}}],"collection":[{"href":"https:\/\/inces.gob.ve\/index.php\/wp-json\/wp\/v2\/posts"}],"about":[{"href":"https:\/\/inces.gob.ve\/index.php\/wp-json\/wp\/v2\/types\/post"}],"author":[{"embeddable":true,"href":"https:\/\/inces.gob.ve\/index.php\/wp-json\/wp\/v2\/users\/15"}],"replies":[{"embeddable":true,"href":"https:\/\/inces.gob.ve\/index.php\/wp-json\/wp\/v2\/comments?post=16113"}],"version-history":[{"count":1,"href":"https:\/\/inces.gob.ve\/index.php\/wp-json\/wp\/v2\/posts\/16113\/revisions"}],"predecessor-version":[{"id":19201,"href":"https:\/\/inces.gob.ve\/index.php\/wp-json\/wp\/v2\/posts\/16113\/revisions\/19201"}],"wp:featuredmedia":[{"embeddable":true,"href":"https:\/\/inces.gob.ve\/index.php\/wp-json\/"}],"wp:attachment":[{"href":"https:\/\/inces.gob.ve\/index.php\/wp-json\/wp\/v2\/media?parent=16113"}],"wp:term":[{"taxonomy":"category","embeddable":true,"href":"https:\/\/inces.gob.ve\/index.php\/wp-json\/wp\/v2\/categories?post=16113"},{"taxonomy":"post_tag","embeddable":true,"href":"https:\/\/inces.gob.ve\/index.php\/wp-json\/wp\/v2\/tags?post=16113"}],"curies":[{"name":"wp","href":"https:\/\/api.w.org\/{rel}","templated":true}]}}