{"id":16141,"date":"2018-07-13T08:28:08","date_gmt":"2018-07-13T14:28:08","guid":{"rendered":"http:\/\/www.inces.gob.ve\/?p=16141"},"modified":"2020-05-28T20:31:52","modified_gmt":"2020-05-29T00:31:52","slug":"inces-tuvo-1958-ensayo-original-la-creacion-del-esi-puerto-cabello","status":"publish","type":"post","link":"https:\/\/inces.gob.ve\/index.php\/2018\/07\/13\/inces-tuvo-1958-ensayo-original-la-creacion-del-esi-puerto-cabello\/","title":{"rendered":"El Inces tuvo en 1958 su ensayo original con la Creaci\u00f3n del ESI de Puerto Cabello"},"content":{"rendered":"<p class=\"western\" style=\"text-align: justify;\"><i><b>* Un de 10 de julio, pero de hace 60 a\u00f1os, se dio inicio en Puerto Cabello al primer centro de formaci\u00f3n experimental que dio paso a la creaci\u00f3n del Inces<\/b><\/i><!--more--><\/p>\n<p class=\"western\" style=\"text-align: justify;\">\n <\/p>\n<p class=\"western\" style=\"text-align: justify;\"><b>Enrique Paredes | Inces Carabobo<\/b><\/p>\n<p class=\"western\" style=\"text-align: justify;\">No se puede hablar del nacimiento del Instituto Nacional de Capacitaci\u00f3n y Educaci\u00f3n Socialista (Inces), sin tomar como punto de partida la creaci\u00f3n del \u201cCentro de Capacitaci\u00f3n Profesional para Trabajadores\u201d (CCPT). Fue un 10 de julio de 1958 la fecha en que fue emanado el decreto que dio pie al nacimiento de lo que hoy se conoce como el Centro de Formaci\u00f3n Socialista (CFS) \u201cBartolom\u00e9 Salom\u201d.<\/p>\n<p class=\"western\" style=\"text-align: justify;\">\n <\/p>\n<p class=\"western\" style=\"text-align: justify;\">Hecho este que marc\u00f3 el acelerado crecimiento poblacional de Puerto Cabello, producto del desarrollo del pa\u00eds de la Venezuela postpetrolera. En esa \u00e9poca hab\u00eda poco desarrollo y por ende exist\u00eda poca poblaci\u00f3n; entre los caser\u00edos existentes desde la \u00e9poca colonial all\u00ed se encuentraba Borburata; luego se unen las comunidades de El Manglar, Ga\u00f1ango El Rinc\u00f3n del Pirata, La Sorpresa, Libertad, quienes se apostaron en su crecimiento alrededor de la Plaza Mayor.<\/p>\n<p>&nbsp;<\/p>\n<p class=\"western\" style=\"text-align: justify;\">Hoy en d\u00eda, da lugar a la conformaci\u00f3n de la Parroquia Borburata, \u00e1rea donde se ubica el antes nombrado Centro de Capacitaci\u00f3n Profesional para los Trabajadores\u201d atendiendo al sector p\u00fablico y privado. Hoy conocido como el Centro de Formaci\u00f3n Socialista (CFS) Bartolom\u00e9 Salom, que lleva el mismo nombre de nuestro h\u00e9roe patriota.<\/p>\n<p>&nbsp;<\/p>\n<p><img loading=\"lazy\" decoding=\"async\" class=\"size-full wp-image-16144 aligncenter\" src=\"http:\/\/www.inces.gob.ve\/wp-content\/uploads\/2018\/07\/fOTO-1.jpg\" alt=\"\" width=\"1319\" height=\"820\" \/><\/p>\n<p>&nbsp;<\/p>\n<p class=\"western\" style=\"text-align: justify;\">El \u201cCentro de Capacitaci\u00f3n Profesional para Trabajadores\u201d , fue ubicado en la urbanizaci\u00f3n Valle de Santa Lucia, sector Dianca . Tuvo su creaci\u00f3n durante la Junta de Gobierno presidida por el contraalmirante Wolfang Larrazabal, despu\u00e9s de la ca\u00edda en el a\u00f1o 1958 de la dictadura de Marcos P\u00e9rez Jim\u00e9nez, surge debido a la necesidad de preparar la mano de obra calificada para las empresas, con el nombre de \u201cCentro de Capacitaci\u00f3n Profesional para Trabajadores de Puerto Cabello\u201d, el 10 de julio de 1958, seg\u00fan Decreto Nro. 314 , dependiente del Ministerio del Trabajo. No obstante haber iniciado clases de formaci\u00f3n el 27 de junio de ese a\u00f1o, incorporando a j\u00f3venes para prepararlos con mano de obra calificada, abri\u00e9ndoles paso al mercado de trabajo.<\/p>\n<p>&nbsp;<\/p>\n<p class=\"western\" style=\"text-align: justify;\">\nFuncionando por vez primera en un taller de la empresa Dianca. Se contratan T\u00e9cnicos de la Oficina Internacional de Trabajadores (O.I.T.) para dise\u00f1ar el programa de Mec\u00e1nica General. Un a\u00f1o despu\u00e9s su estructura es llevada a Caracas, cambia su nombre sin perder su perfil curricular , dictando cursos de Comercio y Servicios, Industrias, Curso de Perfeccionamiento al ser decretada el 22 de agosto de 1959 la creaci\u00f3n del INCE por el Maestro Luis Beltr\u00e1n Prieto Figueroa, se incorpor\u00f3 toda la estructura curricular y el personal pas\u00f3 a formar parte del naciente Instituto Nacional de Capacitaci\u00f3n y Educaci\u00f3n y se fueron creando nuevas edificaciones en todo el pa\u00eds.<\/p>\n<p>&nbsp;<\/p>\n<p><img loading=\"lazy\" decoding=\"async\" class=\"size-full wp-image-16143 aligncenter\" src=\"http:\/\/www.inces.gob.ve\/wp-content\/uploads\/2018\/07\/FOTO-2.jpg\" alt=\"\" width=\"2519\" height=\"3499\" \/><\/p>\n<p>&nbsp;<\/p>\n<p class=\"western\" style=\"text-align: justify;\">Hoy en el Centro de Formaci\u00f3n Socialista (CFS) Bartolom\u00e9 Salom, nos encontramos que en forma activa viene dictando cursos de formaci\u00f3n en el \u00e1rea agr\u00edcola, industria, Comercio y servicios, soldadura, mec\u00e1nica , carpinter\u00eda, textil y turismo, entre otros \u2026 atendiendo a m\u00e1s de 3000 aprendices provenientes de diferentes comunidades, as\u00ed como del sector p\u00fablico como privado de las parroquias Juan Jos\u00e9 Flores, Goaigoaza, Democracia, Bartolom\u00e9 Salom y Borburata (municipio Puerto Cabello) y en Juan Jos\u00e9 Mora (Mor\u00f3n).<\/p>\n<p>&nbsp;<\/p>\n<p>&nbsp;<\/p>\n<p class=\"western\" style=\"text-align: justify;\">Hoy, en este centro que cumple sesenta (60) a\u00f1os de funcionamiento, tenemos a un equipo que trabaja con amor para llevar la misi\u00f3n de \u201cFormar produciendo, Producir Foremando\u201d, cuenta con 37 espacios en la planta f\u00edsica y 48 en las comunidades del punto y c\u00edrculo.<\/p>\n<p class=\"western\" style=\"text-align: justify;\">\n <\/p>\n","protected":false},"excerpt":{"rendered":"<p>* Un de 10 de julio, pero de hace 60 a\u00f1os, se dio inicio en Puerto Cabello al primer centro de formaci\u00f3n experimental que dio paso a la creaci\u00f3n del Inces<\/p>\n","protected":false},"author":4,"featured_media":16142,"comment_status":"closed","ping_status":"closed","sticky":false,"template":"","format":"standard","meta":{"footnotes":""},"categories":[2],"tags":[],"class_list":["post-16141","post","type-post","status-publish","format-standard","has-post-thumbnail","hentry","category-blog"],"_links":{"self":[{"href":"https:\/\/inces.gob.ve\/index.php\/wp-json\/wp\/v2\/posts\/16141","targetHints":{"allow":["GET"]}}],"collection":[{"href":"https:\/\/inces.gob.ve\/index.php\/wp-json\/wp\/v2\/posts"}],"about":[{"href":"https:\/\/inces.gob.ve\/index.php\/wp-json\/wp\/v2\/types\/post"}],"author":[{"embeddable":true,"href":"https:\/\/inces.gob.ve\/index.php\/wp-json\/wp\/v2\/users\/4"}],"replies":[{"embeddable":true,"href":"https:\/\/inces.gob.ve\/index.php\/wp-json\/wp\/v2\/comments?post=16141"}],"version-history":[{"count":1,"href":"https:\/\/inces.gob.ve\/index.php\/wp-json\/wp\/v2\/posts\/16141\/revisions"}],"predecessor-version":[{"id":19196,"href":"https:\/\/inces.gob.ve\/index.php\/wp-json\/wp\/v2\/posts\/16141\/revisions\/19196"}],"wp:featuredmedia":[{"embeddable":true,"href":"https:\/\/inces.gob.ve\/index.php\/wp-json\/"}],"wp:attachment":[{"href":"https:\/\/inces.gob.ve\/index.php\/wp-json\/wp\/v2\/media?parent=16141"}],"wp:term":[{"taxonomy":"category","embeddable":true,"href":"https:\/\/inces.gob.ve\/index.php\/wp-json\/wp\/v2\/categories?post=16141"},{"taxonomy":"post_tag","embeddable":true,"href":"https:\/\/inces.gob.ve\/index.php\/wp-json\/wp\/v2\/tags?post=16141"}],"curies":[{"name":"wp","href":"https:\/\/api.w.org\/{rel}","templated":true}]}}