{"id":16165,"date":"2018-07-16T12:02:47","date_gmt":"2018-07-16T18:02:47","guid":{"rendered":"http:\/\/www.inces.gob.ve\/?p=16165"},"modified":"2020-05-28T20:31:51","modified_gmt":"2020-05-29T00:31:51","slug":"inces-aragua-celebra-mes-las-mujeres-productivas","status":"publish","type":"post","link":"https:\/\/inces.gob.ve\/index.php\/2018\/07\/16\/inces-aragua-celebra-mes-las-mujeres-productivas\/","title":{"rendered":"Inces Aragua celebra el mes de las Mujeres Productivas"},"content":{"rendered":"<p style=\"text-align: justify;\"><span style=\"font-family: Arial,sans-serif;\"><i><b>** Del 16 al 20 de julio llevar\u00e1n un operativo de corte de cabello a damas, caballeros y ni\u00f1os de Mariara<\/b><\/i><\/span><!--more--><\/p>\n<p style=\"text-align: justify;\">\n <\/p>\n<p style=\"text-align: justify;\"><span style=\"font-family: Arial,sans-serif;\"><b>MAR\u00cdA VER\u00d3NICA MOLINA<\/b> | Aragua <\/span><\/p>\n<p style=\"text-align: justify;\">\n <\/p>\n<p style=\"text-align: justify;\"><span style=\"font-family: Arial,sans-serif;\">Para celebrar el mes de las Mujeres Productivas, el Centro de Formaci\u00f3n Socialista (CFS) \u201cComercial Maracay\u201d del Inces en Aragua organiz\u00f3 una variedad de actividades productivas, recreativas, pedag\u00f3gicas y acad\u00e9micas desde el 2 hasta el 26 de julio.<\/span><\/p>\n<p style=\"text-align: justify;\">\n <\/p>\n<p style=\"text-align: justify;\"><span style=\"font-family: Arial,sans-serif;\">Nancy Mejias, coordinadora docente del CFS anunci\u00f3 que para celebrar a las \u201cMujeres Productivas\u201d de la Patria, se realizar\u00e1n talleres, socializaciones, encuentros y compartir entre los participantes, maestros y promotores t\u00e9cnicos productivos y habitantes de las comunidades cercanas.<\/span><\/p>\n<p style=\"text-align: justify;\">\n <\/p>\n<p style=\"text-align: justify;\"><span style=\"font-family: Arial,sans-serif;\">En este sentido, se han socializado saberes agroecol\u00f3gicos y otros en relaci\u00f3n a la formaci\u00f3n de micros en las comunidades. Asimismo, se llev\u00f3 a cabo una jornada de acreditaci\u00f3n para reconocer, valorar y legitimar los saberes, emp\u00edricos, invenciones pedag\u00f3gicos y acad\u00e9micos con base en el di\u00e1logo de saberes, as\u00ed como, la evaluaci\u00f3n de los aprendizajes en el Inapymi.<\/span><\/p>\n<p style=\"text-align: justify;\">\n <\/p>\n<p style=\"text-align: justify;\"><span style=\"font-family: Arial,sans-serif;\">Tambi\u00e9n, se ejecut\u00f3 la finalizaci\u00f3n del curso de Costura y Confecci\u00f3n con una exposici\u00f3n de saberes, socializaci\u00f3n y sensibilizaci\u00f3n integral en la comunidad de Santa Rita. Mejias, aprovech\u00f3 para informar que del 16 al 20 de julio llevar\u00e1n un operativo de corte de cabello a damas, caballeros y ni\u00f1os de Mariara, donde demostrar\u00e1n el buen uso de t\u00e9cnicas y herramientas en la barber\u00eda y peluquer\u00eda.<\/span><\/p>\n<p style=\"text-align: justify;\">\n <\/p>\n<p style=\"text-align: justify;\"><span style=\"font-family: Arial,sans-serif;\">Resalt\u00f3 que el 25 de julio se organizar\u00e1 una jornada Recreativa que incluye juegos tradicionales, bailoterapia y domin\u00f3 en la plazoleta del CFS y para el 26 de julio una conferencia sobre La Calidad de Servicio, Protocolo y Etiqueta en la Mesa.<\/span><\/p>\n","protected":false},"excerpt":{"rendered":"<p>** Del 16 al 20 de julio llevar\u00e1n un operativo de corte de cabello a damas, caballeros y ni\u00f1os de Mariara<\/p>\n","protected":false},"author":15,"featured_media":16166,"comment_status":"closed","ping_status":"closed","sticky":false,"template":"","format":"standard","meta":{"footnotes":""},"categories":[2],"tags":[],"class_list":["post-16165","post","type-post","status-publish","format-standard","has-post-thumbnail","hentry","category-blog"],"_links":{"self":[{"href":"https:\/\/inces.gob.ve\/index.php\/wp-json\/wp\/v2\/posts\/16165","targetHints":{"allow":["GET"]}}],"collection":[{"href":"https:\/\/inces.gob.ve\/index.php\/wp-json\/wp\/v2\/posts"}],"about":[{"href":"https:\/\/inces.gob.ve\/index.php\/wp-json\/wp\/v2\/types\/post"}],"author":[{"embeddable":true,"href":"https:\/\/inces.gob.ve\/index.php\/wp-json\/wp\/v2\/users\/15"}],"replies":[{"embeddable":true,"href":"https:\/\/inces.gob.ve\/index.php\/wp-json\/wp\/v2\/comments?post=16165"}],"version-history":[{"count":1,"href":"https:\/\/inces.gob.ve\/index.php\/wp-json\/wp\/v2\/posts\/16165\/revisions"}],"predecessor-version":[{"id":19191,"href":"https:\/\/inces.gob.ve\/index.php\/wp-json\/wp\/v2\/posts\/16165\/revisions\/19191"}],"wp:featuredmedia":[{"embeddable":true,"href":"https:\/\/inces.gob.ve\/index.php\/wp-json\/"}],"wp:attachment":[{"href":"https:\/\/inces.gob.ve\/index.php\/wp-json\/wp\/v2\/media?parent=16165"}],"wp:term":[{"taxonomy":"category","embeddable":true,"href":"https:\/\/inces.gob.ve\/index.php\/wp-json\/wp\/v2\/categories?post=16165"},{"taxonomy":"post_tag","embeddable":true,"href":"https:\/\/inces.gob.ve\/index.php\/wp-json\/wp\/v2\/tags?post=16165"}],"curies":[{"name":"wp","href":"https:\/\/api.w.org\/{rel}","templated":true}]}}