{"id":16176,"date":"2018-07-16T12:19:51","date_gmt":"2018-07-16T18:19:51","guid":{"rendered":"http:\/\/www.inces.gob.ve\/?p=16176"},"modified":"2020-05-28T20:31:51","modified_gmt":"2020-05-29T00:31:51","slug":"egresaron-230-patriotas-las-misiones-robinson-2-productiva-ribas-adultos-bolivar","status":"publish","type":"post","link":"https:\/\/inces.gob.ve\/index.php\/2018\/07\/16\/egresaron-230-patriotas-las-misiones-robinson-2-productiva-ribas-adultos-bolivar\/","title":{"rendered":"Egresaron 230 patriotas de las misiones Robinson 2 Productiva, Ribas y Adultos en Bol\u00edvar"},"content":{"rendered":"<p class=\"western\" style=\"text-align: justify;\" align=\"justify\"><i><b><span style=\"font-size: large;\">** Aseguran seguir fortaleciendo sus conocimientos obtenidos<\/span><\/b><\/i><\/p>\n<p class=\"western\" style=\"text-align: justify;\" align=\"justify\"><!--more--><\/p>\n<p class=\"western\" style=\"text-align: justify;\" align=\"justify\">\n <\/p>\n<p class=\"western\" style=\"text-align: justify;\" align=\"justify\"><span style=\"font-size: large;\"><b>JOS\u00c9 GREGORIO SU\u00c1REZ| ESTADO BOL\u00cdVAR<\/b><\/span><\/p>\n<p class=\"western\" style=\"text-align: justify;\" align=\"justify\">\n <\/p>\n<p class=\"western\" style=\"text-align: justify;\" align=\"justify\"><a name=\"_GoBack\"><\/a> <span style=\"font-size: large;\"><span lang=\"es-ES\">El Inces Bol\u00edvar celebr\u00f3 los 15 a\u00f1os de la Misi\u00f3n Robinson, con la graduaci\u00f3n regional de 230 personas, vencedores de la Misi\u00f3n Ribas, Robinson 2 Productiva y Adultos, en el Centro de Formaci\u00f3n Socialista \u00abManuel Carlos Piar\u00bb en el Municipio<\/span><\/span> <em><span style=\"font-size: large;\"><span lang=\"es-ES\">Caron\u00ed de <\/span><\/span><\/em><span style=\"font-size: large;\"><span lang=\"es-ES\">Puerto Ordaz.<\/span><\/span><\/p>\n<p style=\"text-align: justify;\" align=\"justify\">\u00a0<\/p>\n<p class=\"western\" style=\"text-align: justify;\" align=\"justify\"><span style=\"font-size: large;\">Durante el acto de grado estuvo presente la gerente regional del Inces Bol\u00edvar Ruth Jim\u00e9nez, la directora de la Zona Educativa Sheila Saavedra, la coordinadora regional de la Misi\u00f3n Ribas Leonarda \u00c1lvarez y Milagros Mart\u00ednez, coordinadora regional de la Misi\u00f3n Robinson.<\/span><\/p>\n<p style=\"text-align: justify;\" align=\"justify\">\u00a0<\/p>\n<p class=\"western\" style=\"text-align: justify;\" align=\"justify\"><span style=\"font-size: large;\"><span lang=\"es-ES\">En el evento <\/span><\/span><span style=\"font-size: large;\"><span lang=\"es-ES\"><b>18 patriotas <\/b><\/span><\/span><span style=\"font-size: large;\"><span lang=\"es-ES\">de la Misi\u00f3n Robinson 2 Productiva se certificaron a trav\u00e9s del Programa Agr\u00edcola, en el oficio de <\/span><\/span><span style=\"font-size: large;\"><span lang=\"es-ES\"><b>Productor de Hortalizas en Siembras Urbanas<\/b><\/span><\/span><span style=\"font-size: large;\"><span lang=\"es-ES\">, garantizando la consolidaci\u00f3n de sus saberes emp\u00edricos que los <\/span><\/span><em><span style=\"font-size: large;\"><span lang=\"es-ES\">direccionan<\/span><\/span><\/em><span style=\"font-size: large;\"><span lang=\"es-ES\"> a crear su unidad de producci\u00f3n socialista(UPS). <\/span><\/span><\/p>\n<p style=\"text-align: justify;\" align=\"justify\">\u00a0<\/p>\n<p class=\"western\" style=\"text-align: justify;\" align=\"justify\"><span style=\"font-size: large;\"><span lang=\"es-ES\"><img loading=\"lazy\" decoding=\"async\" class=\"size-full wp-image-16177 aligncenter\" src=\"http:\/\/www.inces.gob.ve\/wp-content\/uploads\/2018\/07\/2Robinson-2-Productiva.jpg\" alt=\"\" width=\"850\" height=\"510\" \/><\/span><\/span><\/p>\n<p class=\"western\" style=\"text-align: justify;\" align=\"justify\"><a name=\"__DdeLink__35_1154707837\"><\/a> <span style=\"font-size: large;\">Con el lema <\/span><span style=\"font-size: large;\"><b>\u00abYo si Puedo\u00bb <\/b><\/span><span style=\"font-size: large;\">se logr\u00f3 contemplar la alegr\u00eda reflejada en los rostros de los patriotas, de haber cumplido su sue\u00f1o, a la vez que aseguran seguir fortaleciendo sus conocimientos obtenidos.<\/span><\/p>\n<p style=\"text-align: justify;\" align=\"justify\">\u00a0<\/p>\n<p class=\"western\" style=\"text-align: justify;\" align=\"justify\"><span style=\"font-size: large;\">Los g<\/span><span style=\"font-size: large;\"><span lang=\"es-ES\">raduandos resaltaron el respaldo protag\u00f3nico del presidente obrero Nicol\u00e1s Maduro, en brindarles la felicidad y facilidad de obtener una <\/span><\/span><span style=\"font-size: large;\"><span lang=\"es-ES\"><b>educaci\u00f3n gratuita<\/b><\/span><\/span><span style=\"font-size: large;\"><span lang=\"es-ES\">.<\/span><\/span><\/p>\n<p style=\"text-align: justify;\" align=\"justify\">\u00a0<\/p>\n<p class=\"western\" style=\"text-align: justify;\" align=\"justify\"><span style=\"font-size: large;\">De esta manera, el Inces y la Misi\u00f3n Robinson afirman su compromiso con la formaci\u00f3n para el trabajo liberador.<\/span><\/p>\n<p class=\"western\" style=\"text-align: justify;\" align=\"justify\">\n <\/p>\n<p class=\"western\" style=\"text-align: justify;\" align=\"justify\">\n <\/p>\n<p class=\"western\" style=\"text-align: justify;\" align=\"justify\">\n <\/p>\n","protected":false},"excerpt":{"rendered":"<p>** Aseguran seguir fortaleciendo sus conocimientos obtenidos<\/p>\n","protected":false},"author":15,"featured_media":16178,"comment_status":"closed","ping_status":"closed","sticky":false,"template":"","format":"standard","meta":{"footnotes":""},"categories":[2],"tags":[],"class_list":["post-16176","post","type-post","status-publish","format-standard","has-post-thumbnail","hentry","category-blog"],"_links":{"self":[{"href":"https:\/\/inces.gob.ve\/index.php\/wp-json\/wp\/v2\/posts\/16176","targetHints":{"allow":["GET"]}}],"collection":[{"href":"https:\/\/inces.gob.ve\/index.php\/wp-json\/wp\/v2\/posts"}],"about":[{"href":"https:\/\/inces.gob.ve\/index.php\/wp-json\/wp\/v2\/types\/post"}],"author":[{"embeddable":true,"href":"https:\/\/inces.gob.ve\/index.php\/wp-json\/wp\/v2\/users\/15"}],"replies":[{"embeddable":true,"href":"https:\/\/inces.gob.ve\/index.php\/wp-json\/wp\/v2\/comments?post=16176"}],"version-history":[{"count":1,"href":"https:\/\/inces.gob.ve\/index.php\/wp-json\/wp\/v2\/posts\/16176\/revisions"}],"predecessor-version":[{"id":19188,"href":"https:\/\/inces.gob.ve\/index.php\/wp-json\/wp\/v2\/posts\/16176\/revisions\/19188"}],"wp:featuredmedia":[{"embeddable":true,"href":"https:\/\/inces.gob.ve\/index.php\/wp-json\/"}],"wp:attachment":[{"href":"https:\/\/inces.gob.ve\/index.php\/wp-json\/wp\/v2\/media?parent=16176"}],"wp:term":[{"taxonomy":"category","embeddable":true,"href":"https:\/\/inces.gob.ve\/index.php\/wp-json\/wp\/v2\/categories?post=16176"},{"taxonomy":"post_tag","embeddable":true,"href":"https:\/\/inces.gob.ve\/index.php\/wp-json\/wp\/v2\/tags?post=16176"}],"curies":[{"name":"wp","href":"https:\/\/api.w.org\/{rel}","templated":true}]}}