{"id":16220,"date":"2018-07-17T13:43:37","date_gmt":"2018-07-17T19:43:37","guid":{"rendered":"http:\/\/www.inces.gob.ve\/?p=16220"},"modified":"2020-05-28T20:31:51","modified_gmt":"2020-05-29T00:31:51","slug":"formaciones-inces-sucre-buscan-la-transformacion-del-hombre-nuevo","status":"publish","type":"post","link":"https:\/\/inces.gob.ve\/index.php\/2018\/07\/17\/formaciones-inces-sucre-buscan-la-transformacion-del-hombre-nuevo\/","title":{"rendered":"Formaciones en Inces Sucre buscan la transformaci\u00f3n del hombre nuevo"},"content":{"rendered":"<p style=\"text-align: justify;\" align=\"justify\"><span style=\"font-family: Arial,sans-serif;\"><span style=\"font-size: medium;\"><i><b>** A trav\u00e9s del Programa \u201cLuisa C\u00e1ceres de Arismendi\u201d se brindan capacitaciones productivas a familiares de los privados de libertad<\/b><\/i><\/span><\/span><\/p>\n<p align=\"justify\">\u00a0<\/p>\n<p style=\"text-align: justify;\" align=\"justify\"><!--more--><\/p>\n<p style=\"text-align: justify;\" align=\"justify\"><span style=\"font-family: Arial,sans-serif;\"><span style=\"font-size: medium;\"><b>MILAGROS GUERRERO | Sucre<\/b><\/span><\/span><\/p>\n<p align=\"justify\">\u00a0<\/p>\n<p style=\"text-align: justify;\" align=\"justify\"><span style=\"font-family: Arial,sans-serif;\"><span style=\"font-size: medium;\">Las madres, hermanas, t\u00edas, compa\u00f1eras de vida, hijos y familiares de algunos privados de libertad que se encuentran en el Internado Judicial de Cuman\u00e1, reciben formaciones productivas a trav\u00e9s del Programa Penitenciario <i><b>\u201cLuisa C\u00e1ceres de Arismendi\u201d<\/b><\/i> del <b>Inces<\/b>, para coadyuvar a la transformaci\u00f3n del hombre nuevo desde el n\u00facleo familiar. <\/span><\/span><\/p>\n<p align=\"justify\">\u00a0<\/p>\n<p style=\"text-align: justify;\" align=\"justify\"><span style=\"font-family: Arial,sans-serif;\"><span style=\"font-size: medium;\">Es as\u00ed como <b>20<\/b><b> mujeres<\/b> familiares de los internos <b>en la comunidad<\/b> Jaguey de Luna de la parroquia Altagracia en Cuman\u00e1, participan en la formaci\u00f3n: <b>Elaboraci\u00f3n de Adornos para el Hogar<\/b> dictado por la promotora t\u00e9cnico productiva (<b>PTP<\/b><b>)<\/b><b> <\/b><b> Ana Amaya<\/b>. Ellas buscan mejorar en todos los aspectos el entorno familiar, para <b>cambiar <\/b><b>con una actividad productiva<\/b> desde el seno del hogar, los factores sociales que deterioraron sus grupos familiares.<\/span><\/span><\/p>\n<p align=\"justify\">\u00a0<\/p>\n<p style=\"text-align: justify;\" align=\"justify\"><span style=\"font-family: Arial,sans-serif;\"><span style=\"font-size: medium;\">Hay que destacar que tambi\u00e9n han efectuado formaciones que impulsan el Motor Textil (priorizado) a trav\u00e9s del curso Elaboraci\u00f3n de Patr\u00f3n Base; as\u00ed como Cer\u00e1mica Tradicional, Ceremonial, Etiqueta y Protocolo, entre otros.<\/span><\/span><\/p>\n<p align=\"justify\">\u00a0<\/p>\n<p style=\"text-align: justify;\" align=\"justify\"><span style=\"font-family: Arial,sans-serif;\"><span style=\"font-size: medium;\">Al respecto de este tema, Carmen Rodr\u00edguez responsable del <b>Programa Penitenciario en Inces Sucre<\/b>, explic\u00f3 que <b>los<\/b><b> familiares<\/b> de algunos internos <b>llevan dos a\u00f1os<\/b> <b>desarrollando<\/b> de manera continua las <b>formaciones <\/b><b>productivas<\/b> que la instituci\u00f3n educativa ofrece, en articulaci\u00f3n con el Ministerio del Poder Popular para los Servicios Penitenciarios, desde el Programa Familia y en el \u00e1rea de Atenci\u00f3n a los Familiares pertenecientes a dicho ministerio, el cual funciona dentro del Internado Judicial en Cuman\u00e1. <\/span><\/span><\/p>\n<p align=\"justify\">\u00a0<\/p>\n","protected":false},"excerpt":{"rendered":"<p>** A trav\u00e9s del Programa \u201cLuisa C\u00e1ceres de Arismendi\u201d se brindan capacitaciones productivas a familiares de los privados de libertad \u00a0<\/p>\n","protected":false},"author":15,"featured_media":16221,"comment_status":"closed","ping_status":"closed","sticky":false,"template":"","format":"standard","meta":{"footnotes":""},"categories":[2],"tags":[],"class_list":["post-16220","post","type-post","status-publish","format-standard","has-post-thumbnail","hentry","category-blog"],"_links":{"self":[{"href":"https:\/\/inces.gob.ve\/index.php\/wp-json\/wp\/v2\/posts\/16220","targetHints":{"allow":["GET"]}}],"collection":[{"href":"https:\/\/inces.gob.ve\/index.php\/wp-json\/wp\/v2\/posts"}],"about":[{"href":"https:\/\/inces.gob.ve\/index.php\/wp-json\/wp\/v2\/types\/post"}],"author":[{"embeddable":true,"href":"https:\/\/inces.gob.ve\/index.php\/wp-json\/wp\/v2\/users\/15"}],"replies":[{"embeddable":true,"href":"https:\/\/inces.gob.ve\/index.php\/wp-json\/wp\/v2\/comments?post=16220"}],"version-history":[{"count":1,"href":"https:\/\/inces.gob.ve\/index.php\/wp-json\/wp\/v2\/posts\/16220\/revisions"}],"predecessor-version":[{"id":19182,"href":"https:\/\/inces.gob.ve\/index.php\/wp-json\/wp\/v2\/posts\/16220\/revisions\/19182"}],"wp:featuredmedia":[{"embeddable":true,"href":"https:\/\/inces.gob.ve\/index.php\/wp-json\/"}],"wp:attachment":[{"href":"https:\/\/inces.gob.ve\/index.php\/wp-json\/wp\/v2\/media?parent=16220"}],"wp:term":[{"taxonomy":"category","embeddable":true,"href":"https:\/\/inces.gob.ve\/index.php\/wp-json\/wp\/v2\/categories?post=16220"},{"taxonomy":"post_tag","embeddable":true,"href":"https:\/\/inces.gob.ve\/index.php\/wp-json\/wp\/v2\/tags?post=16220"}],"curies":[{"name":"wp","href":"https:\/\/api.w.org\/{rel}","templated":true}]}}