{"id":16276,"date":"2018-07-20T12:31:23","date_gmt":"2018-07-20T18:31:23","guid":{"rendered":"http:\/\/www.inces.gob.ve\/?p=16276"},"modified":"2020-05-28T20:31:51","modified_gmt":"2020-05-29T00:31:51","slug":"estudiantes-la-u-e-del-inces-bolivar-realizaron-proyectos-cierre","status":"publish","type":"post","link":"https:\/\/inces.gob.ve\/index.php\/2018\/07\/20\/estudiantes-la-u-e-del-inces-bolivar-realizaron-proyectos-cierre\/","title":{"rendered":"Estudiantes de la U. E. del Inces Bol\u00edvar presentaron sus proyectos de cierre"},"content":{"rendered":"<p class=\"western\" style=\"text-align: justify;\" align=\"JUSTIFY\"><span style=\"font-family: Arial,sans-serif;\"><span style=\"font-size: medium;\"><span style=\"color: #000000;\"><i><b>***Los proyectos se orientan en la participaci\u00f3n del estudiantado en el dise\u00f1o y desarrollo de las actividades de ense\u00f1anza.<\/b><\/i><\/span><\/span><\/span><!--more--><\/p>\n<p align=\"JUSTIFY\">\u00a0<\/p>\n<p class=\"western\" style=\"text-align: justify;\" align=\"JUSTIFY\"><span style=\"font-family: Arial,sans-serif;\"><span style=\"color: #000000;\"><span style=\"font-size: medium;\"><b>JOS\u00c9 GREGORIO SU\u00c1REZ |\u00a0 Bol\u00edvar<\/b><\/span><\/span><\/span><\/p>\n<p align=\"JUSTIFY\">\u00a0<\/p>\n<p class=\"western\" style=\"text-align: justify;\" align=\"JUSTIFY\"><span style=\"font-family: Arial,sans-serif;\"><span style=\"color: #000000;\"><span style=\"font-size: medium;\">E<\/span><\/span><span style=\"color: #000000;\"><span style=\"font-size: medium;\">studiantes del <\/span><\/span><span style=\"color: #000000;\"><span style=\"font-size: medium;\">Programa de Educaci\u00f3n Media General de J\u00f3venes, Adultas y Adultos, <\/span><\/span><span style=\"color: #000000;\"><span style=\"font-size: medium;\">del <\/span><\/span><span style=\"color: #000000;\"><span style=\"font-size: medium;\">primer<\/span><\/span><span style=\"color: #000000;\"><span style=\"font-size: medium;\"> al <\/span><\/span><span style=\"color: #000000;\"><span style=\"font-size: medium;\">sexto <\/span><\/span><span style=\"color: #000000;\"><span style=\"font-size: medium;\">per\u00edodo, presentaron sus<\/span><\/span><span style=\"color: #000000;\"><span style=\"font-size: medium;\"><b> proyectos<\/b><\/span><\/span> <span style=\"color: #000000;\"><span style=\"font-size: medium;\"><b>de cierres <\/b><\/span><\/span><span style=\"color: #000000;\"><span style=\"font-size: medium;\">en el Centro de Formaci\u00f3n Socialista \u201cManuel Piar\u201d, <\/span><\/span><span style=\"color: #000000;\"><span style=\"font-size: medium;\">ubicado <\/span><\/span><span style=\"color: #000000;\"><span style=\"font-size: medium;\">en el <\/span><\/span><span style=\"color: #000000;\"><span style=\"font-size: medium;\">m<\/span><\/span><span style=\"color: #000000;\"><span style=\"font-size: medium;\">unicipio Caron\u00ed <\/span><\/span><span style=\"color: #000000;\"><span style=\"font-size: medium;\">del estado Bol\u00edvar<\/span><\/span><span style=\"color: #000000;\"><span style=\"font-size: medium;\">.<\/span><\/span><\/span><\/p>\n<p align=\"JUSTIFY\">\u00a0<\/p>\n<p class=\"western\" style=\"text-align: justify;\" align=\"JUSTIFY\"><span style=\"font-family: Arial,sans-serif;\"><span style=\"color: #000000;\"><span style=\"font-size: medium;\">El evento fue organizado por Jos\u00e9 Vel\u00e1squez, director <\/span><\/span><span style=\"color: #000000;\"><span style=\"font-size: medium;\">de la<\/span><\/span> <span style=\"color: #000000;\"><span style=\"font-size: medium;\"><b>Unidad Educativa<\/b><\/span><\/span> <span style=\"color: #000000;\"><span style=\"font-size: medium;\">del C<\/span><\/span><span style=\"color: #000000;\"><span style=\"font-size: medium;\">entro de <\/span><\/span><span style=\"color: #000000;\"><span style=\"font-size: medium;\">F<\/span><\/span><span style=\"color: #000000;\"><span style=\"font-size: medium;\">ormaci\u00f3n <\/span><\/span><span style=\"color: #000000;\"><span style=\"font-size: medium;\">S<\/span><\/span><span style=\"color: #000000;\"><span style=\"font-size: medium;\">ocialista (CFS)<\/span><\/span><span style=\"color: #000000;\"><span style=\"font-size: medium;\"> \u201cManuel Piar\u201d,<\/span><\/span><span style=\"color: #000000;\"><span style=\"font-size: medium;\"> y estuvo moderado por la <\/span><\/span><span style=\"color: #000000;\"><span style=\"font-size: medium;\">coordinadora<\/span><\/span> <span style=\"color: #000000;\"><span style=\"font-size: medium;\">Osmaira Pimentel, <\/span><\/span><span style=\"color: #000000;\"><span style=\"font-size: medium;\">la <\/span><\/span><span style=\"color: #000000;\"><span style=\"font-size: medium;\">jefa del Programa de Formaci\u00f3n Profesional Mar\u00eda Salazar y la gerente general <\/span><\/span><span style=\"color: #000000;\"><span style=\"font-size: medium;\">de Bol\u00edvar<\/span><\/span><span style=\"color: #000000;\"><span style=\"font-size: medium;\"> Ruth Jim\u00e9nez.<\/span><\/span><\/span><\/p>\n<p align=\"JUSTIFY\">\u00a0<\/p>\n<p class=\"western\" style=\"text-align: justify;\" align=\"JUSTIFY\"><span style=\"font-family: Arial,sans-serif;\"><span style=\"color: #000000;\"><span style=\"font-size: medium;\">E<\/span><\/span><span style=\"color: #000000;\"><span style=\"font-size: medium;\">l acto se realiz\u00f3 e<\/span><\/span><span style=\"color: #000000;\"><span style=\"font-size: medium;\">n recuerdo a la aprendiz Rosa Hern\u00e1ndez <\/span><\/span><span style=\"color: #000000;\"><span style=\"font-size: medium;\">bajo el nombre de<\/span><\/span> <span style=\"color: #000000;\"><span style=\"font-size: medium;\"><b>\u201cTodos por sue\u00f1o en honor a ti<\/b><\/span><\/span><span style=\"color: #000000;\"><span style=\"font-size: medium;\">\u201d. <\/span><\/span><span style=\"color: #000000;\"><span style=\"font-size: medium;\">Actividad que logr\u00f3<\/span><\/span><span style=\"color: #000000;\"><span style=\"font-size: medium;\"> la participaci\u00f3n de los j\u00f3venes con canto<\/span><\/span><span style=\"color: #000000;\"><span style=\"font-size: medium;\">s<\/span><\/span><span style=\"color: #000000;\"><span style=\"font-size: medium;\">, obras de teatro y compartir de saberes; donde demostraron sus conocimientos adquiridos en el desarrollo de la formaci\u00f3n.<\/span><\/span><\/span><\/p>\n<p align=\"JUSTIFY\">\u00a0<\/p>\n<p class=\"western\" style=\"text-align: justify;\" align=\"JUSTIFY\"><span style=\"font-family: Arial,sans-serif;\"><b><span style=\"color: #000000;\"><span style=\"font-size: medium;\">Muestra del aprendizaje <\/span><\/span><\/b><\/span><\/p>\n<p class=\"western\" style=\"text-align: justify;\" align=\"JUSTIFY\"><span style=\"font-family: Arial,sans-serif;\"><span style=\"color: #000000;\"><span style=\"font-size: medium;\">Entre los Proyectos <\/span><\/span><span style=\"color: #000000;\"><span style=\"font-size: medium;\">se hizo la <\/span><\/span><span style=\"color: #000000;\"><span style=\"font-size: medium;\"><b>presentaci\u00f3n<\/b><\/span><\/span><span style=\"color: #000000;\"><span style=\"font-size: medium;\"> de s\u00edmbolos naturales, el tropo alimenticio y el juego de ajedrez: que es el <\/span><\/span><span style=\"color: #222222;\"><span style=\"font-size: medium;\">entretenimiento<\/span><\/span><span style=\"color: #000000;\"><span style=\"font-size: medium;\"> con la ciencia, para mejorar la inteligencia de las personas en el campo de la matem\u00e1tica.<\/span><\/span><\/span><\/p>\n<p align=\"JUSTIFY\">\u00a0<\/p>\n<p style=\"text-align: justify;\" align=\"JUSTIFY\"><img loading=\"lazy\" decoding=\"async\" class=\"aligncenter wp-image-16280 size-full\" src=\"http:\/\/www.inces.gob.ve\/wp-content\/uploads\/2018\/07\/TOMA-1.jpg\" alt=\"\" width=\"3264\" height=\"1836\" \/><\/p>\n<p align=\"JUSTIFY\">\u00a0<\/p>\n<p class=\"western\" style=\"text-align: justify;\" align=\"JUSTIFY\"><span style=\"font-family: Arial,sans-serif;\"><span style=\"color: #000000;\"><span style=\"font-size: medium;\">El <\/span><\/span><span style=\"color: #000000;\"><span style=\"font-size: medium;\">maestro<\/span><\/span> <span style=\"color: #000000;\"><span style=\"font-size: medium;\">t<\/span><\/span><span style=\"color: #000000;\"><span style=\"font-size: medium;\">\u00e9cnico <\/span><\/span><span style=\"color: #000000;\"><span style=\"font-size: medium;\">p<\/span><\/span><span style=\"color: #000000;\"><span style=\"font-size: medium;\">roductivo de las materias de matem\u00e1ticas y f\u00edsica, Wilson Garc\u00eda, resalt\u00f3 que es necesario apoyar a la juventud que desea superarse en su educaci\u00f3n, \u201c<\/span><\/span><span style=\"color: #000000;\"><span style=\"font-size: medium;\">es la juventud <\/span><\/span><span style=\"color: #000000;\"><span style=\"font-size: medium;\">la <\/span><\/span><span style=\"color: #000000;\"><span style=\"font-size: medium;\">que debe tomar el <\/span><\/span><span style=\"color: #000000;\"><span style=\"font-size: medium;\"><b>car\u00e1cter p<\/b><\/span><\/span><span style=\"color: #000000;\"><span style=\"font-size: medium;\"><b>ro<\/b><\/span><\/span><span style=\"color: #000000;\"><span style=\"font-size: medium;\"><b>tag\u00f3nico <\/b><\/span><\/span><span style=\"color: #000000;\"><span style=\"font-size: medium;\">en estos tiempos, Venezuela lo necesita\u201d.<\/span><\/span><\/span><\/p>\n<p align=\"JUSTIFY\">\u00a0<\/p>\n<p class=\"western\" style=\"text-align: justify;\" align=\"JUSTIFY\"><span style=\"font-family: Arial,sans-serif;\"><b><span style=\"color: #000000;\"><span style=\"font-size: medium;\">Nuevas inscripciones<\/span><\/span><\/b><\/span><\/p>\n<p class=\"western\" style=\"text-align: justify;\" align=\"JUSTIFY\"><span style=\"font-family: Arial,sans-serif;\"><span style=\"color: #000000;\"><span style=\"font-size: medium;\">Pimentel indic\u00f3 que las <\/span><\/span><span style=\"color: #000000;\"><span style=\"font-size: medium;\"><b>pr\u00f3ximas inscripciones<\/b><\/span><\/span> <span style=\"color: #000000;\"><span style=\"font-size: medium;\">para el<\/span><\/span> <span style=\"color: #000000;\"><span style=\"font-size: medium;\">bachiller<\/span><\/span><span style=\"color: #000000;\"><span style=\"font-size: medium;\">ato<\/span><\/span> <span style=\"color: #000000;\"><span style=\"font-size: medium;\">con<\/span><\/span><span style=\"color: #000000;\"><span style=\"font-size: medium;\"> perfil productivo <\/span><\/span><span style=\"color: #000000;\"><span style=\"font-size: medium;\">iniciaran el <\/span><\/span><span style=\"color: #000000;\"><span style=\"font-size: medium;\"><b>25 de julio hasta el 30 de agosto,<\/b><\/span><\/span><span style=\"color: #000000;\"><span style=\"font-size: medium;\"> \u201c<\/span><\/span><span style=\"color: #000000;\"><span style=\"font-size: medium;\">solo tiene<\/span><\/span><span style=\"color: #000000;\"><span style=\"font-size: medium;\">n<\/span><\/span><span style=\"color: #000000;\"><span style=\"font-size: medium;\"> que dirigirse al Centro de Formaci\u00f3n Socialista m\u00e1s <\/span><\/span><span style=\"color: #000000;\"><span style=\"font-size: medium;\">c<\/span><\/span><span style=\"color: #000000;\"><span style=\"font-size: medium;\">ercano\u201d, finaliz\u00f3.<\/span><\/span><\/span><\/p>\n<p align=\"JUSTIFY\">\u00a0<\/p>\n","protected":false},"excerpt":{"rendered":"<p>***Los proyectos se orientan en la participaci\u00f3n del estudiantado en el dise\u00f1o y desarrollo de las actividades de ense\u00f1anza.<\/p>\n","protected":false},"author":15,"featured_media":16278,"comment_status":"closed","ping_status":"closed","sticky":false,"template":"","format":"standard","meta":{"footnotes":""},"categories":[2],"tags":[],"class_list":["post-16276","post","type-post","status-publish","format-standard","has-post-thumbnail","hentry","category-blog"],"_links":{"self":[{"href":"https:\/\/inces.gob.ve\/index.php\/wp-json\/wp\/v2\/posts\/16276","targetHints":{"allow":["GET"]}}],"collection":[{"href":"https:\/\/inces.gob.ve\/index.php\/wp-json\/wp\/v2\/posts"}],"about":[{"href":"https:\/\/inces.gob.ve\/index.php\/wp-json\/wp\/v2\/types\/post"}],"author":[{"embeddable":true,"href":"https:\/\/inces.gob.ve\/index.php\/wp-json\/wp\/v2\/users\/15"}],"replies":[{"embeddable":true,"href":"https:\/\/inces.gob.ve\/index.php\/wp-json\/wp\/v2\/comments?post=16276"}],"version-history":[{"count":1,"href":"https:\/\/inces.gob.ve\/index.php\/wp-json\/wp\/v2\/posts\/16276\/revisions"}],"predecessor-version":[{"id":19172,"href":"https:\/\/inces.gob.ve\/index.php\/wp-json\/wp\/v2\/posts\/16276\/revisions\/19172"}],"wp:featuredmedia":[{"embeddable":true,"href":"https:\/\/inces.gob.ve\/index.php\/wp-json\/"}],"wp:attachment":[{"href":"https:\/\/inces.gob.ve\/index.php\/wp-json\/wp\/v2\/media?parent=16276"}],"wp:term":[{"taxonomy":"category","embeddable":true,"href":"https:\/\/inces.gob.ve\/index.php\/wp-json\/wp\/v2\/categories?post=16276"},{"taxonomy":"post_tag","embeddable":true,"href":"https:\/\/inces.gob.ve\/index.php\/wp-json\/wp\/v2\/tags?post=16276"}],"curies":[{"name":"wp","href":"https:\/\/api.w.org\/{rel}","templated":true}]}}