{"id":16370,"date":"2018-07-25T07:26:03","date_gmt":"2018-07-25T13:26:03","guid":{"rendered":"http:\/\/www.inces.gob.ve\/?p=16370"},"modified":"2020-05-28T20:31:50","modified_gmt":"2020-05-29T00:31:50","slug":"ii-consejo-gestion-regional-2018-se-reunio-activar-planes-produccion-2","status":"publish","type":"post","link":"https:\/\/inces.gob.ve\/index.php\/2018\/07\/25\/ii-consejo-gestion-regional-2018-se-reunio-activar-planes-produccion-2\/","title":{"rendered":"II Consejo de Gesti\u00f3n regional 2018 se reuni\u00f3 para activar planes de producci\u00f3n"},"content":{"rendered":"<p class=\"western\" style=\"text-align: justify;\" align=\"justify\"><span style=\"font-family: Arial,sans-serif;\"><span style=\"font-size: large;\"><i><b>**Durante tres d\u00edas, el tren ejecutivo de la gesti\u00f3n de Wuikelman Angel integrada por Richard Arraiz, Alejandrina Reyes, Adriana Guerra y Jos\u00e9 Luis Lecuna, adem\u00e1s de los 24 gerentes regionales, tomaron importantes decisiones para poner al Inces en la \u00f3rbita de los planes de producci\u00f3n <\/b><\/i><\/span><\/span><\/p>\n<p class=\"western\" style=\"text-align: justify;\" align=\"justify\"><!--more--><\/p>\n<p class=\"western\" style=\"text-align: justify;\" align=\"justify\"><a name=\"more-16303\"><\/a>\u00a0<\/p>\n<p class=\"western\" style=\"text-align: justify;\" align=\"justify\"><span style=\"font-family: Arial,sans-serif;\"><span style=\"font-size: large;\"><b>FREDDY MARTINEZ \/ Inces sede<\/b><\/span><\/span><\/p>\n<p align=\"justify\">\u00a0<\/p>\n<p class=\"western\" style=\"text-align: justify;\" align=\"justify\"><span style=\"font-family: Arial,sans-serif;\"><span style=\"font-size: large;\">Con el compromiso de situar al <\/span><\/span><span style=\"font-family: Arial,sans-serif;\"><span style=\"font-size: large;\"><b>Inces <\/b><\/span><\/span><span style=\"font-family: Arial,sans-serif;\"><span style=\"font-size: large;\">como una instituci\u00f3n abocada a planes productivos dada la situaci\u00f3n de agresi\u00f3n econ\u00f3mica contra el pa\u00eds, el <\/span><\/span><span style=\"font-family: Arial,sans-serif;\"><span style=\"font-size: large;\"><b>Consejo de Gesti\u00f3n Regional<\/b><\/span><\/span><span style=\"font-family: Arial,sans-serif;\"><span style=\"font-size: large;\"> realiz\u00f3 su segunda reuni\u00f3n del a\u00f1o 2018, con el prop\u00f3sito de activar planes de formaci\u00f3n y producci\u00f3n en nueve \u00e1reas espec\u00edficas, toda vez que esta instituci\u00f3n cuenta con una importante infraestructura como talleres, laboratorios, carpinter\u00edas, imprentas, herrer\u00edas, tierras cultivables y \u00e1reas gastron\u00f3micas. <\/span><\/span><\/p>\n<p align=\"justify\">\u00a0<\/p>\n<p class=\"western\" style=\"text-align: justify;\" align=\"justify\"><span style=\"font-family: Arial,sans-serif;\"><span style=\"font-size: large;\">Este segundo Consejo estuvo dirigido por el presidente del Inces <b>Wuikelman Angel,<\/b> adem\u00e1s del Secretario Ejecutivo del Consejo de Gesti\u00f3n Regional, <b>Richard Arraiz <\/b>y el tren de directores ejecutivos integrado por <b>Alejandrina Reyes, Adriana Guerra y Jos\u00e9 Luis Lecuna<\/b>, donde tambi\u00e9n participaron los 24 gerentes regionales Inces. <\/span><\/span><\/p>\n<p align=\"justify\">\u00a0<\/p>\n<p class=\"western\" style=\"text-align: justify;\" align=\"justify\"><span style=\"font-family: Arial,sans-serif;\"><span style=\"font-size: large;\"><img loading=\"lazy\" decoding=\"async\" class=\"size-full wp-image-16309 aligncenter\" src=\"http:\/\/www.inces.gob.ve\/wp-content\/uploads\/2018\/07\/2-Consejo-de-Gesti\u00f3n-regional.jpg\" alt=\"\" width=\"850\" height=\"567\" \/><\/span><\/span><\/p>\n<p class=\"western\" style=\"text-align: justify;\" align=\"justify\"><span style=\"font-family: Arial,sans-serif;\"><span style=\"font-size: large;\"><b>En la reuni\u00f3n estuvo como invitada la viceministra del Trabajo Diva Guzm\u00e1n, quien salud\u00f3 la convocatoria, puntualizando que son precisamente los planes de formaci\u00f3n y de producci\u00f3n los que van a servir de contraataque perfecto para combatir la guerra econ\u00f3mica, porque es lo que motoriza la reactivaci\u00f3n de las fuerzas productivas. <\/b><\/span><\/span><\/p>\n<p align=\"justify\">\u00a0<\/p>\n<p class=\"western\" style=\"text-align: justify;\" align=\"justify\">\u00a0<\/p>\n<p class=\"western\" style=\"text-align: justify;\" align=\"justify\"><span style=\"font-family: Arial,sans-serif;\"><span style=\"font-size: large;\"><b>Las \u00e1reas que conforman el lanzamiento de este plan de formaci\u00f3n y producci\u00f3n son: agr\u00edcola, metalmec\u00e1nica, carpinter\u00eda, textil, calzado, artes gr\u00e1ficas, industrial, turismo, gastronom\u00eda, laboratorios LatBol y audiovisual. <\/b><\/span><\/span><\/p>\n<p class=\"western\" style=\"text-align: justify;\" align=\"justify\">\u00a0<\/p>\n<p class=\"western\" style=\"text-align: justify;\" align=\"justify\"><span style=\"font-family: Arial,sans-serif;\"><span style=\"font-size: large;\"><b>Las mesas de trabajo del II Consejo Regional de Gesti\u00f3n continuaron hasta el d\u00eda s\u00e1bado, donde se fijo una nueva convocatoria dirigida a los todos los jefes de los CFS del pa\u00eds, con el fin de poner a punto los planes y acciones a ejecutarse en las pr\u00f3ximas semanas .<\/b><\/span><\/span><\/p>\n<p align=\"justify\">\u00a0<\/p>\n<p class=\"western\" style=\"text-align: justify;\" align=\"justify\"><span style=\"font-family: Arial,sans-serif;\"><span style=\"font-size: large;\">Richard Arraiz, se\u00f1al\u00f3 en ese sentido que esta instituci\u00f3n tiene el compromiso de dar lo m\u00e1ximo para que este plan sea un logro, pues para ello todos los centros de formaci\u00f3n van a poner toda su capacidad para que la formaci\u00f3n y la producci\u00f3n sea el canal por donde las nueve \u00e1reas planteadas, que van desde lo agr\u00edcola a lo audiovisual, redunde en \u00e9xito, \u201cporque el Inces se tiene que poner a la orden de las necesidades productivas del pa\u00eds en este marco de agresi\u00f3n econ\u00f3mica que afecta todos los \u00f3rdenes de la estabilidad econ\u00f3mica y social del pa\u00eds\u201d. <\/span><\/span><\/p>\n<p align=\"justify\">\u00a0<\/p>\n<p class=\"western\" style=\"text-align: justify;\" align=\"justify\"><span style=\"font-family: Arial,sans-serif;\"><span style=\"font-size: large;\"><img loading=\"lazy\" decoding=\"async\" class=\"size-full wp-image-16307 aligncenter\" src=\"http:\/\/www.inces.gob.ve\/wp-content\/uploads\/2018\/07\/4-Consejo-de-Gesti\u00f3n-regional.jpg\" alt=\"\" width=\"800\" height=\"497\" \/><\/span><\/span><\/p>\n<p class=\"western\" style=\"text-align: justify;\" align=\"justify\"><span style=\"font-family: Arial,sans-serif;\"><span style=\"font-size: large;\"><b>Aragua<\/b><\/span><\/span><\/p>\n<p class=\"western\" style=\"text-align: justify;\" align=\"justify\"><span style=\"font-family: Arial,sans-serif;\"><span style=\"font-size: large;\">Para la gerente regional de Aragua, <b>Mayi Cumare<\/b> estas decisiones tienen que ver con una respuesta a la contingencia del momento, \u201cy como contingencia, las instituciones se deben poner a tono de esa circunstancia, y eso fue precisamente lo que debatimos en las mesas a partir de una pregunta generadora, pues se necesita desarrollar un plan productivo, pero para hacer el escalamiento debemos acondicionar la capacidad instalada del Inces para la producci\u00f3n, porque hasta ahora esta est\u00e1 centrada solo en la formaci\u00f3n\u201d. <\/span><\/span><\/p>\n<p align=\"justify\">\u00a0<\/p>\n<p class=\"western\" style=\"text-align: justify;\" align=\"justify\"><span style=\"font-family: Arial,sans-serif;\"><span style=\"font-size: large;\">El otro tema tratado en las mesas correspondientes a la REDI Central fue el PNA, ya que este programa necesita una reestructuraci\u00f3n para colocarlo al servicio del pa\u00eds, pues hasta ahora se sigue formando la mano de obra que necesita la entidad laboral, \u201cpero no lo que necesita el pa\u00eds en estos momentos de contingencia\u201d En t\u00e9rminos generales, de acuerdo a Cumare, para la formaci\u00f3n no se han hechos planes de contingencias y por ello propone que hay que ir a la calle a desarrollar la formaci\u00f3n que en este momento el pueblo venezolano necesita. <\/span><\/span><\/p>\n<p align=\"justify\">\u00a0<\/p>\n<p class=\"western\" style=\"text-align: justify;\" align=\"justify\"><span style=\"font-family: Arial,sans-serif;\"><span style=\"font-size: large;\"><b>Anzo\u00e1tegui<\/b><\/span><\/span><\/p>\n<p class=\"western\" style=\"text-align: justify;\" align=\"justify\"><span style=\"font-family: Arial,sans-serif;\"><span style=\"font-size: large;\">Por su parte <b>Josdalia Torres<\/b> <b>Gerente Regional Inces Anzo\u00e1tegui,<\/b> dijo que el Inces est\u00e1 en condiciones ya que cuenta con el potencial necesario para poder aportar desde lo productivo a las necesidades que en este momento el pueblo venezolano demanda; de esa manera se le da un apoyo a los planes del Gobierno Bolivariano para combatir la guerra econ\u00f3mica. La gerente se\u00f1ala que se ha estado desarrollando la premisa que identifica al Inces de <i>formar produciendo y de producir formando<\/i>, \u201ces el momento de trascender al ensayo, porque es la v\u00eda para mover y acelerar el aparato productivo\u201d. <\/span><\/span><\/p>\n<p class=\"western\" style=\"text-align: justify;\" align=\"justify\"><span style=\"font-family: Arial,sans-serif;\"><span style=\"font-size: large;\"><b>Barinas<\/b><\/span><\/span><\/p>\n<p class=\"western\" style=\"text-align: justify;\" align=\"justify\"><span style=\"font-family: Arial,sans-serif;\"><span style=\"font-size: large;\">Entretanto, <b>Alvaro Oviedo,<\/b> <b>Gerente General Inces Barinas, <\/b>estuvo en la mesa n\u00famero 2, mesa donde se discuti\u00f3 un papel de trabajo sobre temas de la producci\u00f3n. Oviedo apunt\u00f3 que en los CFS que integran a la REDI Los Llanos, ya existe una experiencia significativa, \u201cen este momento se est\u00e1 tratando de impulsar la producci\u00f3n a una escala que permita satisfacer las necesidades del pueblo, y en ese sentido se han priorizado algunos proyectos que tienen que ver con la producci\u00f3n agr\u00edcola, con la producci\u00f3n de mesas-sillas, textil y otras que poco a poco son punta de lanza del Inces\u201d. <\/span><\/span><\/p>\n<p align=\"justify\">\u00a0<\/p>\n<p class=\"western\" style=\"text-align: justify;\" align=\"justify\"><span style=\"font-family: Arial,sans-serif;\"><span style=\"font-size: large;\"><img loading=\"lazy\" decoding=\"async\" class=\"size-full wp-image-16308 aligncenter\" src=\"http:\/\/www.inces.gob.ve\/wp-content\/uploads\/2018\/07\/3-Consejo-de-Gesti\u00f3n-regional.jpg\" alt=\"\" width=\"850\" height=\"567\" \/><\/span><\/span><\/p>\n","protected":false},"excerpt":{"rendered":"<p>**Durante tres d\u00edas, el tren ejecutivo de la gesti\u00f3n de Wuikelman Angel integrada por Richard Arraiz, Alejandrina Reyes, Adriana Guerra y Jos\u00e9 Luis Lecuna, adem\u00e1s de los 24 gerentes regionales, tomaron importantes decisiones para poner al Inces en la \u00f3rbita de los planes de producci\u00f3n<\/p>\n","protected":false},"author":15,"featured_media":16310,"comment_status":"closed","ping_status":"closed","sticky":false,"template":"","format":"standard","meta":{"footnotes":""},"categories":[2],"tags":[],"class_list":["post-16370","post","type-post","status-publish","format-standard","has-post-thumbnail","hentry","category-blog"],"_links":{"self":[{"href":"https:\/\/inces.gob.ve\/index.php\/wp-json\/wp\/v2\/posts\/16370","targetHints":{"allow":["GET"]}}],"collection":[{"href":"https:\/\/inces.gob.ve\/index.php\/wp-json\/wp\/v2\/posts"}],"about":[{"href":"https:\/\/inces.gob.ve\/index.php\/wp-json\/wp\/v2\/types\/post"}],"author":[{"embeddable":true,"href":"https:\/\/inces.gob.ve\/index.php\/wp-json\/wp\/v2\/users\/15"}],"replies":[{"embeddable":true,"href":"https:\/\/inces.gob.ve\/index.php\/wp-json\/wp\/v2\/comments?post=16370"}],"version-history":[{"count":1,"href":"https:\/\/inces.gob.ve\/index.php\/wp-json\/wp\/v2\/posts\/16370\/revisions"}],"predecessor-version":[{"id":19158,"href":"https:\/\/inces.gob.ve\/index.php\/wp-json\/wp\/v2\/posts\/16370\/revisions\/19158"}],"wp:featuredmedia":[{"embeddable":true,"href":"https:\/\/inces.gob.ve\/index.php\/wp-json\/"}],"wp:attachment":[{"href":"https:\/\/inces.gob.ve\/index.php\/wp-json\/wp\/v2\/media?parent=16370"}],"wp:term":[{"taxonomy":"category","embeddable":true,"href":"https:\/\/inces.gob.ve\/index.php\/wp-json\/wp\/v2\/categories?post=16370"},{"taxonomy":"post_tag","embeddable":true,"href":"https:\/\/inces.gob.ve\/index.php\/wp-json\/wp\/v2\/tags?post=16370"}],"curies":[{"name":"wp","href":"https:\/\/api.w.org\/{rel}","templated":true}]}}