{"id":16441,"date":"2018-07-27T14:14:47","date_gmt":"2018-07-27T20:14:47","guid":{"rendered":"http:\/\/www.inces.gob.ve\/?p=16441"},"modified":"2020-05-28T20:31:50","modified_gmt":"2020-05-29T00:31:50","slug":"meridenos-elaboran-herramientas-rudimentarias-materiales-reciclados","status":"publish","type":"post","link":"https:\/\/inces.gob.ve\/index.php\/2018\/07\/27\/meridenos-elaboran-herramientas-rudimentarias-materiales-reciclados\/","title":{"rendered":"Meride\u00f1os elaboran herramientas rudimentarias con materiales reciclados"},"content":{"rendered":"<p style=\"text-align: justify;\" align=\"justify\"><span style=\"font-family: Arial,sans-serif;\"><i><b>**A trav\u00e9s de un micro taller aprendieron ha utilizar la madera y el bamb\u00fa para crear herramientas artesanales rusticas para jardiner\u00eda<\/b><\/i><\/span><!--more--><\/p>\n<p align=\"justify\">\u00a0<\/p>\n<p style=\"text-align: justify;\" align=\"justify\"><span style=\"font-family: Arial,sans-serif;\"><b>VALENTINA CASTA\u00d1EDA | M\u00e9rida<\/b><\/span><\/p>\n<p align=\"justify\">\u00a0<\/p>\n<p style=\"text-align: justify;\" align=\"justify\"><span style=\"font-family: Arial,sans-serif;\">En el marco del cierre del curso: <b>Cultivos organop<\/b><b>\u00f3<\/b><b>nicos,<\/b> dictado en el Preescolar El Llano del estado M\u00e9rida, se realiz\u00f3 la capacitaci\u00f3n para el dise\u00f1o y elaboraci\u00f3n de <b>herramientas rudimentarias<\/b> de cultivo con materiales <b>reciclados<\/b> y <b>rehusados, <\/b>como<b> <\/b>maderas, hierros y bamb\u00fa; los cuales fueron donados por los participantes.<\/span><\/p>\n<p align=\"justify\">\u00a0<\/p>\n<p style=\"text-align: justify;\" align=\"justify\"><span style=\"font-family: Arial,sans-serif;\">Luego de 3 encuentros en el taller de carpinter\u00eda del <b>C<\/b><b>entro de <\/b><b>F<\/b><b>ormaci\u00f3n <\/b><b>S<\/b><b>ocialista<\/b><b> Bicentenario<\/b> el colectivo de participantes construy\u00f3, gracias a a las practicas, algunas herramientas utilitarias de jardiner\u00eda que pasaran a formar parte del preescolar. De los resultados destacan la elaboraci\u00f3n de tridentes, rastrillos, piquetas y hasta un sembrador cil\u00edndrico.<\/span><\/p>\n<p align=\"justify\">\u00a0<\/p>\n<p align=\"justify\"><img loading=\"lazy\" decoding=\"async\" class=\"size-full wp-image-16443 aligncenter\" src=\"http:\/\/www.inces.gob.ve\/wp-content\/uploads\/2018\/07\/1herramientas-rudimentarias.jpg\" alt=\"\" width=\"850\" height=\"644\" \/><\/p>\n<p style=\"text-align: justify;\" align=\"justify\"><span style=\"font-family: Arial,sans-serif;\">El maestro t\u00e9cnico productivo Ricardo Ceballos capacit\u00f3 a obreros, secretarias y docentes, incluyendo la directora del preescolar, en la elaboraci\u00f3n de herramientas rusticas de jardiner\u00eda artesanales en madera y bamb\u00fa primeramente, demostrando que a falta de alguna herramienta convencional puede ser perfectamente <b>su<\/b><b>stituida<\/b> <b>por<\/b> <b>una herramienta rudimentaria<\/b> de cultivo. <\/span><\/p>\n<p align=\"justify\">\u00a0<\/p>\n<p style=\"text-align: justify;\" align=\"justify\"><span style=\"font-family: Arial,sans-serif;\">LA<\/span><\/p>\n","protected":false},"excerpt":{"rendered":"<p>**A trav\u00e9s de un micro taller aprendieron ha utilizar la madera y el bamb\u00fa para crear herramientas artesanales rusticas para jardiner\u00eda<\/p>\n","protected":false},"author":15,"featured_media":16442,"comment_status":"closed","ping_status":"closed","sticky":false,"template":"","format":"standard","meta":{"footnotes":""},"categories":[2],"tags":[],"class_list":["post-16441","post","type-post","status-publish","format-standard","has-post-thumbnail","hentry","category-blog"],"_links":{"self":[{"href":"https:\/\/inces.gob.ve\/index.php\/wp-json\/wp\/v2\/posts\/16441","targetHints":{"allow":["GET"]}}],"collection":[{"href":"https:\/\/inces.gob.ve\/index.php\/wp-json\/wp\/v2\/posts"}],"about":[{"href":"https:\/\/inces.gob.ve\/index.php\/wp-json\/wp\/v2\/types\/post"}],"author":[{"embeddable":true,"href":"https:\/\/inces.gob.ve\/index.php\/wp-json\/wp\/v2\/users\/15"}],"replies":[{"embeddable":true,"href":"https:\/\/inces.gob.ve\/index.php\/wp-json\/wp\/v2\/comments?post=16441"}],"version-history":[{"count":1,"href":"https:\/\/inces.gob.ve\/index.php\/wp-json\/wp\/v2\/posts\/16441\/revisions"}],"predecessor-version":[{"id":19147,"href":"https:\/\/inces.gob.ve\/index.php\/wp-json\/wp\/v2\/posts\/16441\/revisions\/19147"}],"wp:featuredmedia":[{"embeddable":true,"href":"https:\/\/inces.gob.ve\/index.php\/wp-json\/"}],"wp:attachment":[{"href":"https:\/\/inces.gob.ve\/index.php\/wp-json\/wp\/v2\/media?parent=16441"}],"wp:term":[{"taxonomy":"category","embeddable":true,"href":"https:\/\/inces.gob.ve\/index.php\/wp-json\/wp\/v2\/categories?post=16441"},{"taxonomy":"post_tag","embeddable":true,"href":"https:\/\/inces.gob.ve\/index.php\/wp-json\/wp\/v2\/tags?post=16441"}],"curies":[{"name":"wp","href":"https:\/\/api.w.org\/{rel}","templated":true}]}}