{"id":16453,"date":"2018-07-28T18:43:58","date_gmt":"2018-07-29T00:43:58","guid":{"rendered":"http:\/\/www.inces.gob.ve\/?p=16453"},"modified":"2020-05-28T20:31:50","modified_gmt":"2020-05-29T00:31:50","slug":"finaliza-primer-curso-asistente-veterinario-del-inces-anzoategui","status":"publish","type":"post","link":"https:\/\/inces.gob.ve\/index.php\/2018\/07\/28\/finaliza-primer-curso-asistente-veterinario-del-inces-anzoategui\/","title":{"rendered":"Finaliza primer curso para Asistente Veterinario del Inces Anzo\u00e1tegui"},"content":{"rendered":"<p style=\"text-align: justify;\"><strong><em>**La innovaci\u00f3n en la formaci\u00f3n Inces busca fortalecer a nuevos actores en el campo productivo y permitir la construcci\u00f3n del nuevo modelo econ\u00f3mico<\/em><\/strong><!--more--><\/p>\n<p>&nbsp;<\/p>\n<p style=\"text-align: justify;\"><strong>FREDDY REYES | Anzo\u00e1tegui<\/strong><\/p>\n<p>&nbsp;<\/p>\n<p style=\"text-align: justify;\">La gerente regional del estado Anzo\u00e1tegui, Josdalia Torres, inform\u00f3 sobre la finalizaci\u00f3n del primer curso para Asistente Veterinario, formaci\u00f3n que destaca por ser \u201cuna innovaci\u00f3n que potencia la capacidad para prestar primeros auxilios a animales\u201d.<\/p>\n<p>&nbsp;<\/p>\n<p style=\"text-align: justify;\">Este primer curso cont\u00f3 con 24 participantes (14 mujeres y 10 hombres), y tuvo una duraci\u00f3n de 306 horas, cursadas en 2 meses y medio.<\/p>\n<p>&nbsp;<\/p>\n<p style=\"text-align: justify;\">\u201cSon acciones que ayudan al pa\u00eds, el curso permite atender diferentes sistemas de producci\u00f3n en especies bovinas, equinas, suinas, aves y tambi\u00e9n en especies menores como las caninas\u201d, a\u00f1adi\u00f3.<\/p>\n<p>&nbsp;<\/p>\n<p style=\"text-align: justify;\">Torres se\u00f1al\u00f3 que el Inces Anzo\u00e1tegui contin\u00faa ejecutando los lineamientos pautados por el presidente de la instituci\u00f3n, Wuikelman \u00c1ngel, actividad que cuenta con el apoyo del Ministerio del Poder Popular Para la Agricultura Productiva y Tierras.<\/p>\n<p>&nbsp;<\/p>\n<p style=\"text-align: justify;\">Por su parte, la coordinadora del Programa Agr\u00edcola Inces Anzo\u00e1tegui, Tania Rodr\u00edguez, explic\u00f3 que la formaci\u00f3n es ejecutada por el Maestro T\u00e9cnico Productivo Xavier Vel\u00e1squez, m\u00e9dico Veterinario, y busca crear \u201cconocimientos actualizados y pertinentes en manos de las y los trabajadores en sus distintos ambientes\u201d.<\/p>\n<p>&nbsp;<\/p>\n<p style=\"text-align: justify;\">\u201cEstas acciones surgen ante la necesidad de contar con trabajadoras y trabajadores formados para la atenci\u00f3n primaria de los animales y, al mismo tiempo, evitar la proliferaci\u00f3n de enfermedades\u201d, puntualiz\u00f3 Rodr\u00edguez.<\/p>\n<p>&nbsp;<\/p>\n<p style=\"text-align: justify;\">Finalmente, informan a las personas interesadas que para nuevas inscripciones pueden acercarse a la sede del <strong>Inces en C.F.S Eulalia Buroz, de Pueblo Nuevo, Puerto La Cruz<\/strong>; o pueden hacerlo solicitando informaci\u00f3n a trav\u00e9s del correo: <strong><a href=\"mailto:agricola.anzoategui@gmail.com\">agricola.anzoategui@gmail.com<\/a><\/strong><\/p>\n<p>&nbsp;<\/p>\n<p style=\"text-align: justify;\"><strong>LA<\/strong><\/p>\n","protected":false},"excerpt":{"rendered":"<p>**La innovaci\u00f3n en la formaci\u00f3n Inces busca fortalecer a nuevos actores en el campo productivo y permitir la construcci\u00f3n del nuevo modelo econ\u00f3mico<\/p>\n","protected":false},"author":15,"featured_media":16454,"comment_status":"closed","ping_status":"closed","sticky":false,"template":"","format":"standard","meta":{"footnotes":""},"categories":[2],"tags":[],"class_list":["post-16453","post","type-post","status-publish","format-standard","has-post-thumbnail","hentry","category-blog"],"_links":{"self":[{"href":"https:\/\/inces.gob.ve\/index.php\/wp-json\/wp\/v2\/posts\/16453","targetHints":{"allow":["GET"]}}],"collection":[{"href":"https:\/\/inces.gob.ve\/index.php\/wp-json\/wp\/v2\/posts"}],"about":[{"href":"https:\/\/inces.gob.ve\/index.php\/wp-json\/wp\/v2\/types\/post"}],"author":[{"embeddable":true,"href":"https:\/\/inces.gob.ve\/index.php\/wp-json\/wp\/v2\/users\/15"}],"replies":[{"embeddable":true,"href":"https:\/\/inces.gob.ve\/index.php\/wp-json\/wp\/v2\/comments?post=16453"}],"version-history":[{"count":1,"href":"https:\/\/inces.gob.ve\/index.php\/wp-json\/wp\/v2\/posts\/16453\/revisions"}],"predecessor-version":[{"id":19145,"href":"https:\/\/inces.gob.ve\/index.php\/wp-json\/wp\/v2\/posts\/16453\/revisions\/19145"}],"wp:featuredmedia":[{"embeddable":true,"href":"https:\/\/inces.gob.ve\/index.php\/wp-json\/"}],"wp:attachment":[{"href":"https:\/\/inces.gob.ve\/index.php\/wp-json\/wp\/v2\/media?parent=16453"}],"wp:term":[{"taxonomy":"category","embeddable":true,"href":"https:\/\/inces.gob.ve\/index.php\/wp-json\/wp\/v2\/categories?post=16453"},{"taxonomy":"post_tag","embeddable":true,"href":"https:\/\/inces.gob.ve\/index.php\/wp-json\/wp\/v2\/tags?post=16453"}],"curies":[{"name":"wp","href":"https:\/\/api.w.org\/{rel}","templated":true}]}}