{"id":16479,"date":"2018-07-29T20:06:09","date_gmt":"2018-07-30T02:06:09","guid":{"rendered":"http:\/\/www.inces.gob.ve\/?p=16479"},"modified":"2020-05-28T20:31:49","modified_gmt":"2020-05-29T00:31:49","slug":"mas-3-000-aprendices-araguenos-activos-formacion-productiva","status":"publish","type":"post","link":"https:\/\/inces.gob.ve\/index.php\/2018\/07\/29\/mas-3-000-aprendices-araguenos-activos-formacion-productiva\/","title":{"rendered":"M\u00e1s de 3.000 aprendices arague\u00f1os activos en formaci\u00f3n productiva"},"content":{"rendered":"<p style=\"text-align: justify;\"><strong><em>**Durante rueda de prensa, la jefa de formaci\u00f3n profesional del Inces Aragua, Graciela Alviarez indic\u00f3 la importancia de la formaci\u00f3n productiva para el desarrollo de la Patria<\/em><\/strong><!--more--><\/p>\n<p style=\"text-align: justify;\">\u00a0<\/p>\n<p style=\"text-align: justify;\"><strong>MAR\u00cdA VER\u00d3NICA MOLINA | Aragua<\/strong><\/p>\n<p style=\"text-align: justify;\">\u00a0<\/p>\n<p style=\"text-align: justify;\">Clara Camacho coordinadora del Programa Nacional de Aprendizaje (PNA), destac\u00f3 la incorporaci\u00f3n para la fecha de <strong>un total 3.482 j\u00f3venes, incluidos en 1.284 entidades laborales<\/strong> de la regi\u00f3n. Principalmente en los oficios de Mec\u00e1nica de Electromedicina, \u00a0Refrigeraci\u00f3n, Aire Acondicionado, Asistente Empresarial en Inform\u00e1tica, Asistente de Farmacia, Asistente de Administraci\u00f3n de Empresas, Manejo de Granjas Integrales, Electricista de Mantenimiento Y Mec\u00e1nica de Mantenimiento Electromec\u00e1nico.<\/p>\n<p style=\"text-align: justify;\">\u00a0<\/p>\n<p><img loading=\"lazy\" decoding=\"async\" class=\"size-full wp-image-16480 aligncenter\" src=\"http:\/\/www.inces.gob.ve\/wp-content\/uploads\/2018\/07\/rueda-de-prensa-2-17-julio-2018.jpg\" alt=\"\" width=\"4000\" height=\"2656\" \/><\/p>\n<p>&nbsp;<\/p>\n<p style=\"text-align: justify;\">Por su parte, el jefe regional del programa Unidades Educativas Inces, Sim\u00f3n Navarro, se\u00f1al\u00f3 que en lo que va del 2018 se han graduado 373 bachilleres con perfil productivo. Adem\u00e1s, invit\u00f3 a la poblaci\u00f3n interesada a <strong>inscribirse en el programa durante el mes de agosto<\/strong> para que culmine su formaci\u00f3n b\u00e1sica-diversificada y de manera simult\u00e1nea acreditar su ejercicio productivo.<\/p>\n<p style=\"text-align: justify;\">\u00a0<\/p>\n<p style=\"text-align: justify;\"><strong>Certificaci\u00f3n de saberes emp\u00edricos<\/strong><\/p>\n<p style=\"text-align: justify;\">\u00a0<\/p>\n<p style=\"text-align: justify;\">Con respecto a las certificaciones de saberes emp\u00edricos y acad\u00e9micos, el Inces en Aragua tiene una <strong>meta de 23.700<\/strong>, divididas en ordinarias y las alcanzadas a trav\u00e9s de convenios inter-institucionales. Hasta junio del presente a\u00f1o se cumplieron con 8.337 lo que representa el 35,2 %, siendo Formaci\u00f3n Delegada en Entidades de Trabajo el programa con la meta m\u00e1s alta con 4.500 certificaciones.<\/p>\n<p style=\"text-align: justify;\">\u00a0<\/p>\n<p><img loading=\"lazy\" decoding=\"async\" class=\"size-full wp-image-16482 aligncenter\" src=\"http:\/\/www.inces.gob.ve\/wp-content\/uploads\/2018\/07\/bachilleres-productivos-2.jpg\" alt=\"\" width=\"1200\" height=\"797\" \/><\/p>\n<p>&nbsp;<\/p>\n<p style=\"text-align: justify;\">Desde el punto de vista de tributos, en todo el territorio nacional se est\u00e1n realizando cambios en la prestaci\u00f3n de los servicios de pago, con la actualizaci\u00f3n y digitalizaci\u00f3n de los procesos para que las empresas opten a su solvencia y tributen al d\u00eda de manera agilizada.<\/p>\n<p style=\"text-align: justify;\">\u00a0<\/p>\n<p style=\"text-align: justify;\">El Inces tambi\u00e9n ofrece formaci\u00f3n y autoformaci\u00f3n a la clase trabajadora de Aragua a trav\u00e9s del programa de Formaci\u00f3n en Entidades de Trabajo, el cual durante lo que va de a\u00f1o iniciaron nueve formaciones (cursos) dirigidas a m\u00e1s de 150 trabajadores de empresas p\u00fablicas y privadas, logrando adem\u00e1s certificar 280 saberes emp\u00edricos y\/o acad\u00e9micos.<\/p>\n<p style=\"text-align: justify;\">\u00a0<\/p>\n<p style=\"text-align: justify;\"><strong>LA<\/strong><\/p>\n","protected":false},"excerpt":{"rendered":"<p>**Durante rueda de prensa, la jefa de formaci\u00f3n profesional del Inces Aragua, Graciela Alviarez indic\u00f3 la importancia de la formaci\u00f3n productiva para el desarrollo de la Patria<\/p>\n","protected":false},"author":4,"featured_media":16483,"comment_status":"closed","ping_status":"closed","sticky":false,"template":"","format":"standard","meta":{"footnotes":""},"categories":[2],"tags":[],"class_list":["post-16479","post","type-post","status-publish","format-standard","has-post-thumbnail","hentry","category-blog"],"_links":{"self":[{"href":"https:\/\/inces.gob.ve\/index.php\/wp-json\/wp\/v2\/posts\/16479","targetHints":{"allow":["GET"]}}],"collection":[{"href":"https:\/\/inces.gob.ve\/index.php\/wp-json\/wp\/v2\/posts"}],"about":[{"href":"https:\/\/inces.gob.ve\/index.php\/wp-json\/wp\/v2\/types\/post"}],"author":[{"embeddable":true,"href":"https:\/\/inces.gob.ve\/index.php\/wp-json\/wp\/v2\/users\/4"}],"replies":[{"embeddable":true,"href":"https:\/\/inces.gob.ve\/index.php\/wp-json\/wp\/v2\/comments?post=16479"}],"version-history":[{"count":1,"href":"https:\/\/inces.gob.ve\/index.php\/wp-json\/wp\/v2\/posts\/16479\/revisions"}],"predecessor-version":[{"id":19140,"href":"https:\/\/inces.gob.ve\/index.php\/wp-json\/wp\/v2\/posts\/16479\/revisions\/19140"}],"wp:featuredmedia":[{"embeddable":true,"href":"https:\/\/inces.gob.ve\/index.php\/wp-json\/"}],"wp:attachment":[{"href":"https:\/\/inces.gob.ve\/index.php\/wp-json\/wp\/v2\/media?parent=16479"}],"wp:term":[{"taxonomy":"category","embeddable":true,"href":"https:\/\/inces.gob.ve\/index.php\/wp-json\/wp\/v2\/categories?post=16479"},{"taxonomy":"post_tag","embeddable":true,"href":"https:\/\/inces.gob.ve\/index.php\/wp-json\/wp\/v2\/tags?post=16479"}],"curies":[{"name":"wp","href":"https:\/\/api.w.org\/{rel}","templated":true}]}}