{"id":16495,"date":"2018-07-30T09:28:59","date_gmt":"2018-07-30T15:28:59","guid":{"rendered":"http:\/\/www.inces.gob.ve\/?p=16495"},"modified":"2020-05-28T20:31:49","modified_gmt":"2020-05-29T00:31:49","slug":"atendidas-70-personas-jornada-peluqueria-realizada-cfs-construccion","status":"publish","type":"post","link":"https:\/\/inces.gob.ve\/index.php\/2018\/07\/30\/atendidas-70-personas-jornada-peluqueria-realizada-cfs-construccion\/","title":{"rendered":"Atendidas 70 personas en jornada de peluquer\u00eda realizada el CFS Construcci\u00f3n"},"content":{"rendered":"<p style=\"text-align: justify;\"><span style=\"font-family: Arial,sans-serif;\"><i><b>** La actividad se realiz\u00f3 como parte de la responsabilidad social hacia el punto y c\u00edrculo<\/b><\/i><\/span><\/p>\n<p>&nbsp;<\/p>\n<p style=\"text-align: justify;\"><!--more--><\/p>\n<p>&nbsp;<\/p>\n<p style=\"text-align: justify;\"><span style=\"font-family: Arial,sans-serif;\"><b>MILAGROS GUERRERO | Sucre<\/b><\/span><\/p>\n<p>&nbsp;<\/p>\n<p style=\"text-align: justify;\"><span style=\"font-family: Arial,sans-serif;\">Un total de 70 personas entre ni\u00f1as, ni\u00f1os, adolescentes y adultos fueron atendidos en una jornada especial de peluquer\u00eda destinada a los habitantes del barrio Brasil, correspondiente al punto y c\u00edrculo del Centro de Formaci\u00f3n Socialista (CFS) Construcci\u00f3n del Instituto Nacional de Capacitaci\u00f3n y Educaci\u00f3n Socialista (Inces), en Cuman\u00e1 estado Sucre.<\/span><\/p>\n<p>&nbsp;<\/p>\n<p style=\"text-align: justify;\"><span style=\"font-family: Arial,sans-serif;\">Dicha actividad permiti\u00f3 que los aprendices del curso de peluquer\u00eda, dictado por la promotora t\u00e9cnica productiva (PTP) Maritza D\u00edaz, hicieran labor social beneficiando a la comunidad con cortes de cabello, aplicando las t\u00e9cnicas aprendidas durante la formaci\u00f3n productiva. <\/span><\/p>\n<p>&nbsp;<\/p>\n<p style=\"text-align: justify;\"><span style=\"font-family: Arial,sans-serif;\">Explic\u00f3 la PTP D\u00edaz, que la jornada fue totalmente gratuita y de esta manera se estimula el acopio y la atenci\u00f3n programada e inmediata de una problem\u00e1tica cotidiana, pero que para una madre con cinco hijos, en edad escolar, resulta oneroso acudir a un barbero o peluquero para afeitarlos a todos en el mes de julio, \u00e9poca de promociones y grados escolares.<\/span><\/p>\n<p>&nbsp;<\/p>\n<p style=\"text-align: justify;\"><span style=\"font-family: Arial,sans-serif;\">Hay que destacar que el Inces Sucre desde cada uno de sus CFS atiende a las comunidades que lo rodean y m\u00e1s all\u00e1, dando la mayor participaci\u00f3n a trav\u00e9s de las formaciones productivas, del bachillerato productivo y en la organizaci\u00f3n al momento de atender las solicitudes de la misma poblaci\u00f3n que asiste a la instituci\u00f3n educativa, siguiendo por los caminos de Ch\u00e1vez sembrando amor y esperanza.<\/span><\/p>\n<p>&nbsp;<\/p>\n","protected":false},"excerpt":{"rendered":"<p>** La actividad se realiz\u00f3 como parte de la responsabilidad social hacia el punto y c\u00edrculo &nbsp;<\/p>\n","protected":false},"author":15,"featured_media":16497,"comment_status":"closed","ping_status":"closed","sticky":false,"template":"","format":"standard","meta":{"footnotes":""},"categories":[2],"tags":[],"class_list":["post-16495","post","type-post","status-publish","format-standard","has-post-thumbnail","hentry","category-blog"],"_links":{"self":[{"href":"https:\/\/inces.gob.ve\/index.php\/wp-json\/wp\/v2\/posts\/16495","targetHints":{"allow":["GET"]}}],"collection":[{"href":"https:\/\/inces.gob.ve\/index.php\/wp-json\/wp\/v2\/posts"}],"about":[{"href":"https:\/\/inces.gob.ve\/index.php\/wp-json\/wp\/v2\/types\/post"}],"author":[{"embeddable":true,"href":"https:\/\/inces.gob.ve\/index.php\/wp-json\/wp\/v2\/users\/15"}],"replies":[{"embeddable":true,"href":"https:\/\/inces.gob.ve\/index.php\/wp-json\/wp\/v2\/comments?post=16495"}],"version-history":[{"count":1,"href":"https:\/\/inces.gob.ve\/index.php\/wp-json\/wp\/v2\/posts\/16495\/revisions"}],"predecessor-version":[{"id":19137,"href":"https:\/\/inces.gob.ve\/index.php\/wp-json\/wp\/v2\/posts\/16495\/revisions\/19137"}],"wp:featuredmedia":[{"embeddable":true,"href":"https:\/\/inces.gob.ve\/index.php\/wp-json\/"}],"wp:attachment":[{"href":"https:\/\/inces.gob.ve\/index.php\/wp-json\/wp\/v2\/media?parent=16495"}],"wp:term":[{"taxonomy":"category","embeddable":true,"href":"https:\/\/inces.gob.ve\/index.php\/wp-json\/wp\/v2\/categories?post=16495"},{"taxonomy":"post_tag","embeddable":true,"href":"https:\/\/inces.gob.ve\/index.php\/wp-json\/wp\/v2\/tags?post=16495"}],"curies":[{"name":"wp","href":"https:\/\/api.w.org\/{rel}","templated":true}]}}